{"id":829,"date":"2021-08-12T00:00:00","date_gmt":"2021-08-11T22:00:00","guid":{"rendered":"https:\/\/nabu-kaiserstuhl.de\/index.php\/12-08-2021-spezialfolie-schuetzt-voegel-vor-aufprall-auf-scheiben\/"},"modified":"2021-08-12T00:00:00","modified_gmt":"2021-08-11T22:00:00","slug":"12-08-2021-spezialfolie-schuetzt-voegel-vor-aufprall-auf-scheiben","status":"publish","type":"post","link":"https:\/\/nabu-kaiserstuhl.de\/index.php\/12-08-2021-spezialfolie-schuetzt-voegel-vor-aufprall-auf-scheiben\/","title":{"rendered":"12.08.2021 Spezialfolie sch\u00fctzt V\u00f6gel vor Aufprall auf Scheiben"},"content":{"rendered":"<h1 style=\"text-align: center;\"><strong>Spezialfolie sch\u00fctzt V\u00f6gel vor Aufprall auf Scheiben<\/strong><\/h1>\n<p style=\"text-align: center;\">Von <a href=\"https:\/\/www.badische-zeitung.de\/mario-schoeneberg\">Mario Sch\u00f6neberg<\/a> <a href=\"https:\/\/www.badische-zeitung.de\/archiv\/2021\/08\/12\">Do, 12. August 2021<\/a> <a href=\"https:\/\/www.badische-zeitung.de\/eichstetten\">Eichstetten <\/a><\/p>\n<h2 style=\"text-align: center;\"><strong>Glasfront am Eichstetter Bahnhofspavillon wird umgestaltet.<\/strong><\/h2>\n<div>\n<p><a href=\"https:\/\/mlm4qj7rb3bu.i.optimole.com\/w:auto\/h:auto\/q:80\/f:best\/https:\/\/nabu-kaiserstuhl.de\/wp-content\/uploads\/2021\/08\/20210812_BZ_Spezialfolie_Fenster.jpg\" target=\"_blank\" data-mediabox-width=\"80%\" data-mediabox-type=\"image\/jpeg\" rel=\"noopener\"><img data-opt-id=1590408680  fetchpriority=\"high\" decoding=\"async\" class=\" alignleft size-full wp-image-827\" src=\"https:\/\/mlm4qj7rb3bu.i.optimole.com\/w:auto\/h:auto\/q:80\/f:best\/https:\/\/nabu-kaiserstuhl.de\/wp-content\/uploads\/2021\/08\/20210812_BZ_Spezialfolie_Fenster.jpg\" alt=\"20210812_BZ_Spezialfolie_Fenster\" width=\"29%\" class=\"bildeinzel\" dir=\"ltr\" style=\"margin: 5px; float: left;\" loading=\"lazy\" srcset=\"https:\/\/mlm4qj7rb3bu.i.optimole.com\/w:295\/h:400\/q:80\/f:best\/https:\/\/nabu-kaiserstuhl.de\/wp-content\/uploads\/2021\/08\/20210812_BZ_Spezialfolie_Fenster.jpg 295w, https:\/\/mlm4qj7rb3bu.i.optimole.com\/w:221\/h:300\/q:80\/f:best\/https:\/\/nabu-kaiserstuhl.de\/wp-content\/uploads\/2021\/08\/20210812_BZ_Spezialfolie_Fenster.jpg 221w, https:\/\/mlm4qj7rb3bu.i.optimole.com\/w:295\/h:400\/q:80\/f:best\/dpr:2\/https:\/\/nabu-kaiserstuhl.de\/wp-content\/uploads\/2021\/08\/20210812_BZ_Spezialfolie_Fenster.jpg 2x\" sizes=\"auto, (max-width: 295px) 100vw, 295px\" \/><\/a><a href=\"https:\/\/mlm4qj7rb3bu.i.optimole.com\/w:auto\/h:auto\/q:80\/f:best\/https:\/\/nabu-kaiserstuhl.de\/wp-content\/uploads\/2021\/08\/20210812_BZ_Spezialfolie_Gruppe.jpg\" target=\"_blank\" dir=\"ltr\" data-mediabox-width=\"80%\" data-mediabox-type=\"image\/jpeg\" rel=\"noopener\"><img data-opt-id=1888743852  fetchpriority=\"high\" decoding=\"async\" class=\" alignleft size-full wp-image-828\" src=\"https:\/\/mlm4qj7rb3bu.i.optimole.com\/w:auto\/h:auto\/q:80\/f:best\/https:\/\/nabu-kaiserstuhl.de\/wp-content\/uploads\/2021\/08\/20210812_BZ_Spezialfolie_Gruppe.jpg\" alt=\"20210812_BZ_Spezialfolie_Gruppe\" width=\"60%\" dir=\"ltr\" style=\"margin: 5px; float: left;\" loading=\"lazy\" srcset=\"https:\/\/mlm4qj7rb3bu.i.optimole.com\/w:610\/h:400\/q:80\/f:best\/https:\/\/nabu-kaiserstuhl.de\/wp-content\/uploads\/2021\/08\/20210812_BZ_Spezialfolie_Gruppe.jpg 610w, https:\/\/mlm4qj7rb3bu.i.optimole.com\/w:300\/h:197\/q:80\/f:best\/https:\/\/nabu-kaiserstuhl.de\/wp-content\/uploads\/2021\/08\/20210812_BZ_Spezialfolie_Gruppe.jpg 300w, https:\/\/mlm4qj7rb3bu.i.optimole.com\/w:610\/h:400\/q:80\/f:best\/dpr:2\/https:\/\/nabu-kaiserstuhl.de\/wp-content\/uploads\/2021\/08\/20210812_BZ_Spezialfolie_Gruppe.jpg 2x\" sizes=\"auto, (max-width: 610px) 100vw, 610px\" \/><\/a><br style=\"clear: left;\" \/><\/p>\n<\/div>\n<p style=\"text-align: center;\"><span style=\"font-size: 10pt;\"><em>Mit neuen, von einer Fachfirma aufgebrachten Punkten soll der Vogelprall am Eichstetter Glaspavillon am Bahnhof verhindert werden. \u00dcber Aktion freuen sich Angela Stenger, Nabu-Naturschutzwart Engelbert Mayer und Liegenschaftsverwalterin Giuliana Ivancic von der Gemeinde Eichstetten (rechts). Foto:&nbsp;Mario&nbsp;Sch\u00f6neberg<\/em><\/span><\/p>\n<p><span style=\"font-size: 12pt;\">Millionen von V\u00f6geln prallen jedes Jahr in Deutschland gegen Glasscheiben, viele verletzen sich dabei schwer oder verenden. Tote V\u00f6gel gibt es auch immer wieder am Glaspavillon am Eichstetter Bahnhof. Nun soll in einem Monitoring untersucht werden, ob von einer Schweizer Firma neu entwickelte Folienelemente Abhilfe schaffen k\u00f6nnen.<\/p>\n<p> &#8222;Im vergangenen Jahr hat es hier am Glas-Pavillon am Bahnhof sogar einen Bienenfresser erwischt, berichtet Nabu- Naturschutzwart Engelbert Mayer. \u00dcber die Jahre seien ihm immer wieder verletzte oder verendete V\u00f6gel gemeldet worden. Wie viele dabei gegen den Pavillon selber fliegen, kann Mayer aber nicht genau sagen, er sch\u00e4tzt aber, dass es monatlich Kollisionen gibt. &#8222;Oft ist die Katze schneller und holt das verletzte Tier, ein andermal fliegt der Vogel weg und stirbt dann woanders an seinen inneren Verletzungen&#8220;. Um hier Abhilfe zu schaffen, habe er sich erkundigt, was man zum Schutz der V\u00f6gel tun k\u00f6nne und sei auf die Schweizer Vogelwarte in Sempach gesto\u00dfen. Dort empfehle man eine neu entwickelte Folie der Firma &#8222;Seen-Elements&#8220;, durch die in gleichm\u00e4\u00dfigem Abstand Punkte auf die Fensterscheiben aufgebracht werden. Das Material f\u00fcr den nun am Pavillon aufgebrachten Vogelschutz habe dabei die Vogelwarte aus Sempach zur Verf\u00fcgung gestellt, die Gemeinde habe eine Fachfirma f\u00fcr Werbetechnik mit der Aufbringung beauftragt. Der Nabu selbst m\u00f6chte nun ein halbes Jahr lang im Rahmen eines Monitorings die Wirksamkeit des neuen Vogelschutzes testen.<\/p>\n<p> Glas als Baustoff der modernen Architektur gewinne immer mehr an Bedeutung, sagt Angela Stenger, die f\u00fcr die Vermarktung der neuen Folien zust\u00e4ndig ist. Doch f\u00fcr V\u00f6gel seien diese Glasfl\u00e4chen oft eine t\u00f6dliche Falle, bis zu 100 Millionen von ihnen k\u00e4men so allein in Deutschland laut Nabu- Sch\u00e4tzung j\u00e4hrlich zu Tode. F\u00fcr V\u00f6gel erscheine eine Glasfl\u00e4che nicht als Hindernis, vielmehr w\u00fcrden ihnen durch Reflexionen B\u00e4ume oder der Himmel vorget\u00e4uscht. Auch stilisierte Greifv\u00f6gel-Aufkleber w\u00fcrden kaum Abhilfe schaffen, um bisher wirksam die V\u00f6gel sch\u00fctzen zu k\u00f6nnen, m\u00fcssten bis zu 25 Prozent der Glasfl\u00e4che \u00fcberklebt werden.<\/span><\/p>\n<p><span style=\"font-size: 12pt;\"><br \/> Von der Schweizer Firma sei nun ein System aus neun Millimeter gro\u00dfen Punkten, die im Abstand von neun Zentimetern auch auf schon bestehende Glasfl\u00e4chen aufgebracht werden k\u00f6nnten, entwickelt worden, informierte Angela Stenger. Dadurch w\u00fcrde der Lichteinfall f\u00fcr das menschliche Auge nur minimal um ein bis zwei Prozent reduziert, Tests im Vogelflugkanal der Biologischen Station Hohenau-Ringelsdorf in \u00d6sterreich h\u00e4tten aber ergeben, dass mehr als 90 Prozent der Tiere sie als Hindernis erkannt h\u00e4tten. Engelbert Mayer hofft nun, dass das Pilotprojekt in Eichstetten, das erste in S\u00fcdbaden, auch viele private Haushalte und Unternehmer anspornt, auf diesem Weg etwas f\u00fcr den Schutz der V\u00f6gel zu tun. Dies sei insbesondere dort notwendig, wo sich B\u00e4ume und Str\u00e4ucher in den Scheiben spiegeln oder die Geb\u00e4ude freistehend ein Flughindernis darstellen.<\/span><\/p>\n<p><span style=\"font-size: 12pt;\"><a href=\"https:\/\/www.badische-zeitung.de\/spezialfolie-schuetzt-voegel-vor-aufprall-auf-scheiben\" target=\"_blank\" rel=\"noopener\" dir=\"ltr\">Ver\u00f6ffentlicht in der gedruckten Ausgabe der BZ vom Do, 12. August 2021<\/a><\/span><\/p>\n","protected":false},"excerpt":{"rendered":"<p>Spezialfolie sch\u00fctzt V\u00f6gel vor Aufprall auf Scheiben Von Mario Sch\u00f6neberg Do, 12. August 2021 Eichstetten Glasfront am Eichstetter Bahnhofspavillon wird umgestaltet. Mit neuen, von einer Fachfirma aufgebrachten Punkten soll der&hellip;&nbsp;<a href=\"https:\/\/nabu-kaiserstuhl.de\/index.php\/12-08-2021-spezialfolie-schuetzt-voegel-vor-aufprall-auf-scheiben\/\" rel=\"bookmark\">Weiterlesen&#8230;<span class=\"screen-reader-text\">12.08.2021 Spezialfolie sch\u00fctzt V\u00f6gel vor Aufprall auf Scheiben<\/span><\/a><\/p>\n","protected":false},"author":2,"featured_media":827,"comment_status":"open","ping_status":"open","sticky":false,"template":"","format":"standard","meta":{"neve_meta_sidebar":"","neve_meta_container":"","neve_meta_enable_content_width":"","neve_meta_content_width":0,"neve_meta_title_alignment":"","neve_meta_author_avatar":"","neve_post_elements_order":"","neve_meta_disable_header":"","neve_meta_disable_footer":"","neve_meta_disable_title":"","neve_meta_reading_time":"","_themeisle_gutenberg_block_has_review":false,"footnotes":""},"categories":[59],"tags":[],"class_list":["post-829","post","type-post","status-publish","format-standard","has-post-thumbnail","hentry","category-schweizer-vogelwarte"],"publishpress_future_action":{"enabled":false,"date":"2026-05-07 04:33:46","action":"change-status","newStatus":"draft","terms":[],"taxonomy":"category","extraData":[]},"publishpress_future_workflow_manual_trigger":{"enabledWorkflows":[]},"_links":{"self":[{"href":"https:\/\/nabu-kaiserstuhl.de\/index.php\/wp-json\/wp\/v2\/posts\/829","targetHints":{"allow":["GET"]}}],"collection":[{"href":"https:\/\/nabu-kaiserstuhl.de\/index.php\/wp-json\/wp\/v2\/posts"}],"about":[{"href":"https:\/\/nabu-kaiserstuhl.de\/index.php\/wp-json\/wp\/v2\/types\/post"}],"author":[{"embeddable":true,"href":"https:\/\/nabu-kaiserstuhl.de\/index.php\/wp-json\/wp\/v2\/users\/2"}],"replies":[{"embeddable":true,"href":"https:\/\/nabu-kaiserstuhl.de\/index.php\/wp-json\/wp\/v2\/comments?post=829"}],"version-history":[{"count":0,"href":"https:\/\/nabu-kaiserstuhl.de\/index.php\/wp-json\/wp\/v2\/posts\/829\/revisions"}],"wp:featuredmedia":[{"embeddable":true,"href":"https:\/\/nabu-kaiserstuhl.de\/index.php\/wp-json\/wp\/v2\/media\/827"}],"wp:attachment":[{"href":"https:\/\/nabu-kaiserstuhl.de\/index.php\/wp-json\/wp\/v2\/media?parent=829"}],"wp:term":[{"taxonomy":"category","embeddable":true,"href":"https:\/\/nabu-kaiserstuhl.de\/index.php\/wp-json\/wp\/v2\/categories?post=829"},{"taxonomy":"post_tag","embeddable":true,"href":"https:\/\/nabu-kaiserstuhl.de\/index.php\/wp-json\/wp\/v2\/tags?post=829"}],"curies":[{"name":"wp","href":"https:\/\/api.w.org\/{rel}","templated":true}]}}