{"id":793,"date":"2021-09-13T19:09:27","date_gmt":"2021-09-13T17:09:27","guid":{"rendered":"https:\/\/nabu-kaiserstuhl.de\/?p=793"},"modified":"2022-11-25T15:28:01","modified_gmt":"2022-11-25T14:28:01","slug":"am-anfang-des-projektes-1986-1990","status":"publish","type":"post","link":"https:\/\/nabu-kaiserstuhl.de\/index.php\/am-anfang-des-projektes-1986-1990\/","title":{"rendered":"Am Anfang des Projektes (1986 \u2013 1990)"},"content":{"rendered":"\n<h3 class=\"wp-block-heading\"><span style=\"font-size: 12pt;\"><strong>&nbsp;Am Anfang des Projektes (1986 \u2013 1990)<\/strong><\/span><\/h3>\n\n\n\n<p><span style=\"font-size: 12pt;\">1986 hatte Matthias M\u00e4rz die Idee etwas f\u00fcr den bei uns am Kaiserstuhl fast schon ausgestorbenen Wiedehopf zu tun.&nbsp;<\/span><\/p>\n\n\n\n<p><span style=\"font-size: 12pt;\">Aufgrund gro\u00dfer Flurbereinigungen und Ausweisung von Neubaugebieten an Ortsr\u00e4ndern gingen viele ehemalige Brutpl\u00e4tze verloren. Ein Nahrungsangebot w\u00e4re aber wohl ausreichend vorhanden.<\/span><\/p>\n\n\n\n<p><span style=\"font-size: 12pt;\">Aus diesen \u00dcberlegungen heraus kamen wir \u2013 eine kleine Gruppe von engagierten Natursch\u00fctzern zu dem Ergebnis, dass wohl der Mangel an geeigneten Brutpl\u00e4tzen die Ursache f\u00fcr den extremen R\u00fcckgang von Vorkommen des Wiedehopfes war.<\/span><\/p>\n\n\n\n<p><span style=\"font-size: 12pt;\">Wir bauten deshalb in Eigenregie 7 Nistk\u00e4sten, die wir an geeigneten Stellen und in unmittelbarer N\u00e4he von einstigen Brutpl\u00e4tzen angebracht haben.<\/span><\/p>\n\n\n\n<p><span style=\"font-size: 12pt;\">Aus Aufzeichnungen von Engelbert Mayer vom 8.10.1990:<\/span><\/p>\n\n\n\n<p><span style=\"font-size: 12pt;\">\u201eIm M\u00e4rz 1987 haben wir in einem flurbereinigten Gebiet einen der erste selbst gebaute Nistkasten angebracht. Dieser wurde bereits 3 Wochen sp\u00e4ter von einem Wiedehopf-Paar angenommen und 2 erfolgreiche Bruten mit insgesamt 7 Jungv\u00f6geln fanden dort statt.&nbsp;<\/span><\/p>\n\n\n\n<p><span style=\"font-size: 12pt;\">Dies war f\u00fcr uns ein Zeichen, dass solch eine Ma\u00dfnahme durchaus Erfolg versprechen kann. Wir haben deshalb 1987 beim Landratsamt Breisgau-Hochschwarzwald einen Antrag \u00fcber eine Bezuschussung von 50 Nistk\u00e4sten f\u00fcr den Wiedehopf gestellt. Dieser wurde \u2013 wie auch ein weiterer Antrag f\u00fcr nochmals 60 Nistk\u00e4sten im Jahr 1988 \u2013 erfolgreich beschieden.<\/span><\/p>\n\n\n\n<p><span style=\"font-size: 12pt;\">Im Jahre 1988 waren dann 3 Nistk\u00e4sten von Wiedehopfen belegt, 4 Bruten mit insgesamt 17 Jungv\u00f6geln konnten wir z\u00e4hlen. Nach diesem Ergebnis waren wir nat\u00fcrlich noch optimistischer, dass unser Ansatz mehr als richtig ist.<\/span><\/p>\n\n\n\n<p><span style=\"font-size: 12pt;\">1989 wurde der Zuzug der Wiedehopfe durch einen K\u00e4lteeinbruch im April gestoppt, es trafen deshalb nicht alle Hopfe bei uns ein. Durch das sp\u00e4te Eintreffen konnte keine Zweitbrut mehr stattfinden. 2 Nistk\u00e4sten wurden besetzt, 1 Gelege wurde aufgegeben, sodass in diesem Jahr nur 5 Jungv\u00f6gel ausflogen.<\/span><\/p>\n\n\n\n<p><span style=\"font-size: 12pt;\">In diesem Jahr (1990) konnten wir doch wieder einen recht guten Erfolg verbuchen. 5 Nistk\u00e4sten waren besetzt, \u00fcber 20 Jungv\u00f6gel flogen aus. Auch ein Ausbreiten der bestehenden Population konnten wir in diesem Jahr feststellen. Dies belegen Meldungen \u00fcber Beobachtungen an bisher unbekannten Standorten.<\/span><\/p>\n\n\n\n<p><span style=\"font-size: 12pt;\">Leider war der erste angenommene Brutplatz 1990 durch eine Umplanie einer Flurbereinigung gef\u00e4hrdet. Die Rebh\u00fctte mit dem Nistkasten sollte abgerissen werden. Wir bekamen dann die Erlaubnis die Rebh\u00fctte abzubauen und nach Beendigung der Ma\u00dfnahme wieder aufzubauen. Dies war doch ein gro\u00dfer Einsatz, der sich aber gelohnt hat. Der Brutplatz wurde wieder angenommen, obwohl die H\u00fctte danach etwas weiter versetzt stand.<\/span><\/p>\n\n\n\n<p><span style=\"font-size: 12pt;\">Engelbert Mayer, M\u00e4rz 1992<\/span><\/p>\n","protected":false},"excerpt":{"rendered":"<p>&nbsp;Am Anfang des Projektes (1986 \u2013 1990) 1986 hatte Matthias M\u00e4rz die Idee etwas f\u00fcr den bei uns am Kaiserstuhl fast schon ausgestorbenen Wiedehopf zu tun.&nbsp; Aufgrund gro\u00dfer Flurbereinigungen und&hellip;&nbsp;<a href=\"https:\/\/nabu-kaiserstuhl.de\/index.php\/am-anfang-des-projektes-1986-1990\/\" rel=\"bookmark\">Weiterlesen&#8230;<span class=\"screen-reader-text\">Am Anfang des Projektes (1986 \u2013 1990)<\/span><\/a><\/p>\n","protected":false},"author":2,"featured_media":1150,"comment_status":"open","ping_status":"open","sticky":false,"template":"","format":"standard","meta":{"neve_meta_sidebar":"","neve_meta_container":"","neve_meta_enable_content_width":"","neve_meta_content_width":0,"neve_meta_title_alignment":"","neve_meta_author_avatar":"","neve_post_elements_order":"","neve_meta_disable_header":"","neve_meta_disable_footer":"","neve_meta_disable_title":"","neve_meta_reading_time":"","_themeisle_gutenberg_block_has_review":false,"footnotes":""},"categories":[76],"tags":[],"class_list":["post-793","post","type-post","status-publish","format-standard","has-post-thumbnail","hentry","category-wiedehopf"],"publishpress_future_action":{"enabled":false,"date":"2026-05-06 10:42:50","action":"change-status","newStatus":"draft","terms":[],"taxonomy":"category","extraData":[]},"publishpress_future_workflow_manual_trigger":{"enabledWorkflows":[]},"_links":{"self":[{"href":"https:\/\/nabu-kaiserstuhl.de\/index.php\/wp-json\/wp\/v2\/posts\/793","targetHints":{"allow":["GET"]}}],"collection":[{"href":"https:\/\/nabu-kaiserstuhl.de\/index.php\/wp-json\/wp\/v2\/posts"}],"about":[{"href":"https:\/\/nabu-kaiserstuhl.de\/index.php\/wp-json\/wp\/v2\/types\/post"}],"author":[{"embeddable":true,"href":"https:\/\/nabu-kaiserstuhl.de\/index.php\/wp-json\/wp\/v2\/users\/2"}],"replies":[{"embeddable":true,"href":"https:\/\/nabu-kaiserstuhl.de\/index.php\/wp-json\/wp\/v2\/comments?post=793"}],"version-history":[{"count":0,"href":"https:\/\/nabu-kaiserstuhl.de\/index.php\/wp-json\/wp\/v2\/posts\/793\/revisions"}],"wp:featuredmedia":[{"embeddable":true,"href":"https:\/\/nabu-kaiserstuhl.de\/index.php\/wp-json\/wp\/v2\/media\/1150"}],"wp:attachment":[{"href":"https:\/\/nabu-kaiserstuhl.de\/index.php\/wp-json\/wp\/v2\/media?parent=793"}],"wp:term":[{"taxonomy":"category","embeddable":true,"href":"https:\/\/nabu-kaiserstuhl.de\/index.php\/wp-json\/wp\/v2\/categories?post=793"},{"taxonomy":"post_tag","embeddable":true,"href":"https:\/\/nabu-kaiserstuhl.de\/index.php\/wp-json\/wp\/v2\/tags?post=793"}],"curies":[{"name":"wp","href":"https:\/\/api.w.org\/{rel}","templated":true}]}}