{"id":775,"date":"2021-06-23T19:37:05","date_gmt":"2021-06-23T17:37:05","guid":{"rendered":"https:\/\/nabu-kaiserstuhl.de\/index.php\/bienenfresser\/"},"modified":"2022-11-23T19:39:53","modified_gmt":"2022-11-23T18:39:53","slug":"30-jahre_bienenfresser","status":"publish","type":"post","link":"https:\/\/nabu-kaiserstuhl.de\/index.php\/30-jahre_bienenfresser\/","title":{"rendered":"30 Jahre Bienenfresser"},"content":{"rendered":"\n<h2 class=\"has-text-align-center wp-block-heading\"><strong><em>Merops apiaster<\/em> <br>am Kaiserstuhl<\/strong><\/h2>\n\n\n\n<h4 class=\"has-text-align-center wp-block-heading\"><strong>Eine Bestandsentwicklung in der Gemarkung von Eichstetten<\/strong><\/h4>\n\n\n\n<p>Eigentlich m\u00fcsste es \u201e30 Jahre Bienenfresser wieder am Kaiserstuhl\u201c hei\u00dfen. Denn schon 1873 br\u00fcteten im Kaiserstuhl bei Bickensohl etwa 20 Paare dieses wundersch\u00f6nen Vogels.&nbsp; 1888 wurden die letzten gesehen. Nur sporadisch tauchte danach mal ein Bienenfresser auf. \u00dcber zwei Jahrzehnte lang galt der Bienenfresser am Kaiserstuhl offiziell als ausgestorben.<\/p>\n\n\n<div class=\"wp-block-image\">\n<figure class=\"aligncenter\"><a class=\"\" href=\"https:\/\/nabu-kaiserstuhl.de\/wp-content\/uploads\/2021\/06\/20160514_Bild01_Bienenfresser-Paar_hp.JPG\" target=\"_blank\" rel=\"noreferrer noopener\"><img data-opt-id=514488738  fetchpriority=\"high\" decoding=\"async\" width=\"400\" height=\"300\" src=\"https:\/\/mlm4qj7rb3bu.i.optimole.com\/w:auto\/h:auto\/q:80\/f:best\/https:\/\/nabu-kaiserstuhl.de\/wp-content\/uploads\/2021\/06\/20160514_Bild01_Bienenfresser-Paar_hp.JPG\" alt=\"20160514_Bild01_Bienenfresser-Paar_hp.JPG\" class=\"wp-image-756\" srcset=\"https:\/\/mlm4qj7rb3bu.i.optimole.com\/w:400\/h:300\/q:80\/f:best\/https:\/\/nabu-kaiserstuhl.de\/wp-content\/uploads\/2021\/06\/20160514_Bild01_Bienenfresser-Paar_hp.JPG 400w, https:\/\/mlm4qj7rb3bu.i.optimole.com\/w:300\/h:225\/q:80\/f:best\/https:\/\/nabu-kaiserstuhl.de\/wp-content\/uploads\/2021\/06\/20160514_Bild01_Bienenfresser-Paar_hp.JPG 300w, https:\/\/mlm4qj7rb3bu.i.optimole.com\/w:400\/h:300\/q:80\/f:best\/dpr:2\/https:\/\/nabu-kaiserstuhl.de\/wp-content\/uploads\/2021\/06\/20160514_Bild01_Bienenfresser-Paar_hp.JPG 2x\" sizes=\"(max-width: 400px) 100vw, 400px\" \/><\/a><\/figure>\n<\/div>\n\n\n<p>1989 war es dann wieder so weit, das erste Bienenfresser-Paar wurde am s\u00fcdwestlichen Kaiserstuhl beobachtet. Von Jahr zu Jahr steigerte sich langsam die Anzahl der seltenen V\u00f6gel.<\/p>\n\n\n\n<p>Die R\u00fcckkehr dieser bunten V\u00f6gel aus Afrika erfolgte in diesen Jahren immer Mitte Mai. Seit etwa 15 Jahren werden die ersten Bienenfresser schon um den 01. Mai gesichtet. Auch eine Folge der Klimaerw\u00e4rmung. So ist der Bienenfresser wohl ein Gewinner, der Gro\u00dfe Brachvogel, einst ein Brutvogel in den Seewiesen am \u00f6stlichen Kaiserstuhl, dagegen ein Verlierer der Klimaver\u00e4nderung.<\/p>\n\n\n\n<p class=\"has-text-align-left\">Im Jahre 2007 dann br\u00fctete bei uns in Eichstetten an einer kleinen L\u00f6sswand das erste Mal erfolgreich ein Bienenfresser-Paar.<\/p>\n\n\n<div class=\"wp-block-image\">\n<figure class=\"aligncenter\"><a class=\"jcepopup\" href=\"https:\/\/nabu-kaiserstuhl.de\/wp-content\/uploads\/2021\/06\/20070801_Bild02_2007_auf_Schild_hp.JPG\" target=\"_blank\" rel=\"noreferrer noopener\"><img data-opt-id=1453245555  fetchpriority=\"high\" decoding=\"async\" width=\"400\" height=\"300\" src=\"https:\/\/mlm4qj7rb3bu.i.optimole.com\/w:auto\/h:auto\/q:80\/f:best\/https:\/\/nabu-kaiserstuhl.de\/wp-content\/uploads\/2021\/06\/20070801_Bild02_2007_auf_Schild_hp.JPG\" alt=\"20070801_Bild02_2007_auf_Schild_hp.JPG\" class=\"wp-image-759\" srcset=\"https:\/\/mlm4qj7rb3bu.i.optimole.com\/w:400\/h:300\/q:80\/f:best\/https:\/\/nabu-kaiserstuhl.de\/wp-content\/uploads\/2021\/06\/20070801_Bild02_2007_auf_Schild_hp.JPG 400w, https:\/\/mlm4qj7rb3bu.i.optimole.com\/w:300\/h:225\/q:80\/f:best\/https:\/\/nabu-kaiserstuhl.de\/wp-content\/uploads\/2021\/06\/20070801_Bild02_2007_auf_Schild_hp.JPG 300w, https:\/\/mlm4qj7rb3bu.i.optimole.com\/w:400\/h:300\/q:80\/f:best\/dpr:2\/https:\/\/nabu-kaiserstuhl.de\/wp-content\/uploads\/2021\/06\/20070801_Bild02_2007_auf_Schild_hp.JPG 2x\" sizes=\"(max-width: 400px) 100vw, 400px\" \/><\/a><\/figure>\n<\/div>\n\n\n<p>Freie L\u00f6ssw\u00e4nde, aber auch kleine Abbr\u00fcche oder Rutschungen bieten den V\u00f6geln ideale Brutm\u00f6glichkeiten. Beide Altv\u00f6gel wechseln sich mit dem Graben der Bruth\u00f6hle ab. Mit dem Schnabel wird der L\u00f6ss abgehackt und danach mit den kurzen F\u00fc\u00dfen r\u00fccklings herausgescharrt. Nach einigen Tagen ist die bis zu 1,30 Meter tiefe H\u00f6hle mit der Brutkammer am Ende fertig.&nbsp;<\/p>\n\n\n<div class=\"wp-block-image\">\n<figure class=\"aligncenter\"><a class=\"jcepopup\" href=\"https:\/\/nabu-kaiserstuhl.de\/wp-content\/uploads\/2021\/06\/20190609_Bild03_Aushub_hp.JPG\" target=\"_blank\" rel=\"noreferrer noopener\"><img data-opt-id=1950116302  fetchpriority=\"high\" decoding=\"async\" width=\"400\" height=\"267\" src=\"https:\/\/mlm4qj7rb3bu.i.optimole.com\/w:auto\/h:auto\/q:80\/f:best\/https:\/\/nabu-kaiserstuhl.de\/wp-content\/uploads\/2021\/06\/20190609_Bild03_Aushub_hp.JPG\" alt=\"20190609_Bild03_Aushub_hp.JPG\" class=\"wp-image-761\" srcset=\"https:\/\/mlm4qj7rb3bu.i.optimole.com\/w:400\/h:267\/q:80\/f:best\/https:\/\/nabu-kaiserstuhl.de\/wp-content\/uploads\/2021\/06\/20190609_Bild03_Aushub_hp.JPG 400w, https:\/\/mlm4qj7rb3bu.i.optimole.com\/w:300\/h:200\/q:80\/f:best\/https:\/\/nabu-kaiserstuhl.de\/wp-content\/uploads\/2021\/06\/20190609_Bild03_Aushub_hp.JPG 300w, https:\/\/mlm4qj7rb3bu.i.optimole.com\/w:400\/h:267\/q:80\/f:best\/dpr:2\/https:\/\/nabu-kaiserstuhl.de\/wp-content\/uploads\/2021\/06\/20190609_Bild03_Aushub_hp.JPG 2x\" sizes=\"(max-width: 400px) 100vw, 400px\" \/><\/a><\/figure>\n<\/div>\n\n\n<p>Im Laufe der Jahre gab es &#8211; auch in Eichstetten &#8211; immer wieder mal nicht allt\u00e4gliche Brutpl\u00e4tze. Im Eingang von einem L\u00f6ssstollen, an der L\u00f6sswand hinter dem Volksbank-Geb\u00e4ude oder an einer niederen in einem Garten hinter einem Wasserfass.<\/p>\n\n\n<div class=\"wp-block-image\">\n<figure class=\"aligncenter\"><a class=\"jcepopup\" href=\"https:\/\/nabu-kaiserstuhl.de\/wp-content\/uploads\/2021\/06\/20140717_Bild04_Loessstollen_hp.JPG\" target=\"_blank\" rel=\"noreferrer noopener\"><img data-opt-id=670217608  data-opt-src=\"https:\/\/mlm4qj7rb3bu.i.optimole.com\/w:auto\/h:auto\/q:80\/f:best\/https:\/\/nabu-kaiserstuhl.de\/wp-content\/uploads\/2021\/06\/20140717_Bild04_Loessstollen_hp.JPG\"  loading=\"lazy\" decoding=\"async\" width=\"400\" height=\"300\" src=\"data:image/svg+xml,%3Csvg%20viewBox%3D%220%200%20100%%20100%%22%20width%3D%22100%%22%20height%3D%22100%%22%20xmlns%3D%22http%3A%2F%2Fwww.w3.org%2F2000%2Fsvg%22%3E%3Crect%20width%3D%22100%%22%20height%3D%22100%%22%20fill%3D%22transparent%22%2F%3E%3C%2Fsvg%3E\" alt=\"20140717_Bild04_Loessstollen_hp.JPG\" class=\"wp-image-763\" old-srcset=\"https:\/\/mlm4qj7rb3bu.i.optimole.com\/w:400\/h:300\/q:80\/f:best\/https:\/\/nabu-kaiserstuhl.de\/wp-content\/uploads\/2021\/06\/20140717_Bild04_Loessstollen_hp.JPG 400w, https:\/\/mlm4qj7rb3bu.i.optimole.com\/w:300\/h:225\/q:80\/f:best\/https:\/\/nabu-kaiserstuhl.de\/wp-content\/uploads\/2021\/06\/20140717_Bild04_Loessstollen_hp.JPG 300w, https:\/\/mlm4qj7rb3bu.i.optimole.com\/w:400\/h:300\/q:80\/f:best\/dpr:2\/https:\/\/nabu-kaiserstuhl.de\/wp-content\/uploads\/2021\/06\/20140717_Bild04_Loessstollen_hp.JPG 2x\" \/><\/a><\/figure>\n<\/div>\n\n\n<p>2013 und noch mehr im Jahr 2015 gab es einen Bestandseinbruch. Anfang Mai, zur R\u00fcckkehr der Bienenfresser, war es kalt und es gab l\u00e4ngere Regentage. Nach ihrem langen Zug aus Afrika kamen sie hungrig und ersch\u00f6pft bei uns an und fanden aufgrund der schlechten Witterung fast keine Nahrung, n\u00e4mlich fliegende Insekten. Das Paar, das im Gewann Rebtal im Jahr zuvor erfolgreich gebr\u00fctet hat, fanden wir leider nur noch tot vor.<\/p>\n\n\n<div class=\"wp-block-image\">\n<figure class=\"aligncenter\"><a class=\"jcepopup\" href=\"https:\/\/nabu-kaiserstuhl.de\/wp-content\/uploads\/2021\/06\/20130613_Bild05_Totfund_hp.JPG\" target=\"_blank\" rel=\"noreferrer noopener\"><img data-opt-id=1707033907  data-opt-src=\"https:\/\/mlm4qj7rb3bu.i.optimole.com\/w:auto\/h:auto\/q:80\/f:best\/https:\/\/nabu-kaiserstuhl.de\/wp-content\/uploads\/2021\/06\/20130613_Bild05_Totfund_hp.JPG\"  loading=\"lazy\" decoding=\"async\" width=\"400\" height=\"300\" src=\"data:image/svg+xml,%3Csvg%20viewBox%3D%220%200%20100%%20100%%22%20width%3D%22100%%22%20height%3D%22100%%22%20xmlns%3D%22http%3A%2F%2Fwww.w3.org%2F2000%2Fsvg%22%3E%3Crect%20width%3D%22100%%22%20height%3D%22100%%22%20fill%3D%22transparent%22%2F%3E%3C%2Fsvg%3E\" alt=\"20130613_Bild05_Totfund_hp.JPG\" class=\"wp-image-765\" old-srcset=\"https:\/\/mlm4qj7rb3bu.i.optimole.com\/w:400\/h:300\/q:80\/f:best\/https:\/\/nabu-kaiserstuhl.de\/wp-content\/uploads\/2021\/06\/20130613_Bild05_Totfund_hp.JPG 400w, https:\/\/mlm4qj7rb3bu.i.optimole.com\/w:300\/h:225\/q:80\/f:best\/https:\/\/nabu-kaiserstuhl.de\/wp-content\/uploads\/2021\/06\/20130613_Bild05_Totfund_hp.JPG 300w, https:\/\/mlm4qj7rb3bu.i.optimole.com\/w:400\/h:300\/q:80\/f:best\/dpr:2\/https:\/\/nabu-kaiserstuhl.de\/wp-content\/uploads\/2021\/06\/20130613_Bild05_Totfund_hp.JPG 2x\" \/><\/a><\/figure>\n<\/div>\n\n\n<p>Die Nahrung der Bienenfresser besteht ausschlie\u00dflich aus Fluginsekten. Honig- und Wildbienen, Wespen, Schmetterlinge, Libellen und fliegende K\u00e4fer.<\/p>\n\n\n<div class=\"wp-block-image\">\n<figure class=\"aligncenter\"><a class=\"\" href=\"https:\/\/nabu-kaiserstuhl.de\/wp-content\/uploads\/2021\/06\/20170723_Bild06_mit-Falter_hp.JPG\" target=\"_blank\" rel=\"noreferrer noopener\"><img data-opt-id=1661445562  data-opt-src=\"https:\/\/mlm4qj7rb3bu.i.optimole.com\/w:auto\/h:auto\/q:80\/f:best\/https:\/\/nabu-kaiserstuhl.de\/wp-content\/uploads\/2021\/06\/20170723_Bild06_mit-Falter_hp.JPG\"  loading=\"lazy\" decoding=\"async\" width=\"400\" height=\"300\" src=\"data:image/svg+xml,%3Csvg%20viewBox%3D%220%200%20100%%20100%%22%20width%3D%22100%%22%20height%3D%22100%%22%20xmlns%3D%22http%3A%2F%2Fwww.w3.org%2F2000%2Fsvg%22%3E%3Crect%20width%3D%22100%%22%20height%3D%22100%%22%20fill%3D%22transparent%22%2F%3E%3C%2Fsvg%3E\" alt=\"20170723_Bild06_mit Falter_hp.JPG\" class=\"wp-image-767\" old-srcset=\"https:\/\/mlm4qj7rb3bu.i.optimole.com\/w:400\/h:300\/q:80\/f:best\/https:\/\/nabu-kaiserstuhl.de\/wp-content\/uploads\/2021\/06\/20170723_Bild06_mit-Falter_hp.JPG 400w, https:\/\/mlm4qj7rb3bu.i.optimole.com\/w:300\/h:225\/q:80\/f:best\/https:\/\/nabu-kaiserstuhl.de\/wp-content\/uploads\/2021\/06\/20170723_Bild06_mit-Falter_hp.JPG 300w, https:\/\/mlm4qj7rb3bu.i.optimole.com\/w:400\/h:300\/q:80\/f:best\/dpr:2\/https:\/\/nabu-kaiserstuhl.de\/wp-content\/uploads\/2021\/06\/20170723_Bild06_mit-Falter_hp.JPG 2x\" \/><\/a><\/figure>\n<\/div>\n\n\n<p>Die V\u00f6gel haben eine Spannweite von 40 cm, legen 5-7 Eier, br\u00fcten 21 Tage lang und m\u00fcssen 31 Tage lang f\u00fcttern.&nbsp; Sie machen nur eine Brut im Jahr.<\/p>\n\n\n\n<p>Die Entwicklung der Bienenfresser-Brutpaare auf der Gemarkung von Eichstetten:&nbsp;<\/p>\n\n\n<div class=\"wp-block-image\">\n<figure class=\"aligncenter\"><a class=\"\" href=\"https:\/\/mlm4qj7rb3bu.i.optimole.com\/w:auto\/h:auto\/q:80\/f:best\/https:\/\/nabu-kaiserstuhl.de\/wp-content\/uploads\/2021\/06\/20210629_Diagramm_Bienenfresser_Brutpaare_hp.jpg\" target=\"_blank\" rel=\"noreferrer noopener\"><img data-opt-id=1261802568  data-opt-src=\"https:\/\/mlm4qj7rb3bu.i.optimole.com\/w:auto\/h:auto\/q:80\/f:best\/https:\/\/nabu-kaiserstuhl.de\/wp-content\/uploads\/2021\/06\/20210629_Diagramm_Bienenfresser_Brutpaare_hp.jpg\"  loading=\"lazy\" decoding=\"async\" width=\"400\" height=\"260\" src=\"data:image/svg+xml,%3Csvg%20viewBox%3D%220%200%20100%%20100%%22%20width%3D%22100%%22%20height%3D%22100%%22%20xmlns%3D%22http%3A%2F%2Fwww.w3.org%2F2000%2Fsvg%22%3E%3Crect%20width%3D%22100%%22%20height%3D%22100%%22%20fill%3D%22transparent%22%2F%3E%3C%2Fsvg%3E\" alt=\"20210629_Diagramm_Bienenfresser_Brutpaare_hp.jpg\" class=\"wp-image-769\" old-srcset=\"https:\/\/mlm4qj7rb3bu.i.optimole.com\/w:400\/h:260\/q:80\/f:best\/https:\/\/nabu-kaiserstuhl.de\/wp-content\/uploads\/2021\/06\/20210629_Diagramm_Bienenfresser_Brutpaare_hp.jpg 400w, https:\/\/mlm4qj7rb3bu.i.optimole.com\/w:300\/h:195\/q:80\/f:best\/https:\/\/nabu-kaiserstuhl.de\/wp-content\/uploads\/2021\/06\/20210629_Diagramm_Bienenfresser_Brutpaare_hp.jpg 300w, https:\/\/mlm4qj7rb3bu.i.optimole.com\/w:400\/h:260\/q:80\/f:best\/dpr:2\/https:\/\/nabu-kaiserstuhl.de\/wp-content\/uploads\/2021\/06\/20210629_Diagramm_Bienenfresser_Brutpaare_hp.jpg 2x\" \/><\/a><\/figure>\n<\/div>\n\n\n<p>Im Winter 2016\/2017 lie\u00df der Winzer M. Schmidt, bei einer Arrondierung seines Grundst\u00fcckes, an der B\u00f6schung eine senkrechte L\u00f6sswand frei legen. Sofort wurde diese Wand von 17 Paaren angenommen.<\/p>\n\n\n<div class=\"wp-block-image\">\n<figure class=\"aligncenter\"><a class=\"\" href=\"https:\/\/nabu-kaiserstuhl.de\/wp-content\/uploads\/2021\/06\/20190524_Bild07_-Ankunft_im_Mai_hp.JPG\" target=\"_blank\" rel=\"noreferrer noopener\"><img data-opt-id=1760530540  data-opt-src=\"https:\/\/mlm4qj7rb3bu.i.optimole.com\/w:auto\/h:auto\/q:80\/f:best\/https:\/\/nabu-kaiserstuhl.de\/wp-content\/uploads\/2021\/06\/20190524_Bild07_-Ankunft_im_Mai_hp.JPG\"  loading=\"lazy\" decoding=\"async\" width=\"400\" height=\"267\" src=\"data:image/svg+xml,%3Csvg%20viewBox%3D%220%200%20100%%20100%%22%20width%3D%22100%%22%20height%3D%22100%%22%20xmlns%3D%22http%3A%2F%2Fwww.w3.org%2F2000%2Fsvg%22%3E%3Crect%20width%3D%22100%%22%20height%3D%22100%%22%20fill%3D%22transparent%22%2F%3E%3C%2Fsvg%3E\" alt=\"20190524_Bild07_ Ankunft_im_Mai_hp.JPG\" class=\"wp-image-771\" old-srcset=\"https:\/\/mlm4qj7rb3bu.i.optimole.com\/w:400\/h:267\/q:80\/f:best\/https:\/\/nabu-kaiserstuhl.de\/wp-content\/uploads\/2021\/06\/20190524_Bild07_-Ankunft_im_Mai_hp.JPG 400w, https:\/\/mlm4qj7rb3bu.i.optimole.com\/w:300\/h:200\/q:80\/f:best\/https:\/\/nabu-kaiserstuhl.de\/wp-content\/uploads\/2021\/06\/20190524_Bild07_-Ankunft_im_Mai_hp.JPG 300w, https:\/\/mlm4qj7rb3bu.i.optimole.com\/w:400\/h:267\/q:80\/f:best\/dpr:2\/https:\/\/nabu-kaiserstuhl.de\/wp-content\/uploads\/2021\/06\/20190524_Bild07_-Ankunft_im_Mai_hp.JPG 2x\" \/><\/a><\/figure>\n<\/div>\n\n\n<p>16 davon haben dort erfolgreich gebr\u00fctet. Eine H\u00f6hle wurde ausgegraben, wohl von einem Fuchs. Sie war nur 30 cm \u00fcber dem Boden angelegt worden.<br>Inzwischen hat sich diese Wand zu einem Hotspot f\u00fcr Bienenfresser und Vogelfreunde entwickelt. Von den 85 Paaren auf Eichstetter Gemarkung im Jahr 2019 haben dort allein 25 Paare erfolgreich gebr\u00fctet.<\/p>\n\n\n\n<p>Nach dem Ausfliegen halten sie sich noch 2 bis 3 Tage am Brutplatz auf. Danach schlie\u00dfen sie sich zu kleinen oder gr\u00f6\u00dferen Trupps zusammen und jagen im Rheinwald dann Gro\u00dflibellen.<\/p>\n\n\n<div class=\"wp-block-image\">\n<figure class=\"aligncenter\"><a class=\"\" href=\"https:\/\/nabu-kaiserstuhl.de\/wp-content\/uploads\/2021\/06\/20190516_Bild08_hp.JPG\" target=\"_blank\" rel=\"noreferrer noopener\"><img data-opt-id=404526774  data-opt-src=\"https:\/\/mlm4qj7rb3bu.i.optimole.com\/w:auto\/h:auto\/q:80\/f:best\/https:\/\/nabu-kaiserstuhl.de\/wp-content\/uploads\/2021\/06\/20190516_Bild08_hp.JPG\"  loading=\"lazy\" decoding=\"async\" width=\"400\" height=\"267\" src=\"data:image/svg+xml,%3Csvg%20viewBox%3D%220%200%20100%%20100%%22%20width%3D%22100%%22%20height%3D%22100%%22%20xmlns%3D%22http%3A%2F%2Fwww.w3.org%2F2000%2Fsvg%22%3E%3Crect%20width%3D%22100%%22%20height%3D%22100%%22%20fill%3D%22transparent%22%2F%3E%3C%2Fsvg%3E\" alt=\"20190516_Bild08_hp.JPG\" class=\"wp-image-772\" old-srcset=\"https:\/\/mlm4qj7rb3bu.i.optimole.com\/w:400\/h:267\/q:80\/f:best\/https:\/\/nabu-kaiserstuhl.de\/wp-content\/uploads\/2021\/06\/20190516_Bild08_hp.JPG 400w, https:\/\/mlm4qj7rb3bu.i.optimole.com\/w:300\/h:200\/q:80\/f:best\/https:\/\/nabu-kaiserstuhl.de\/wp-content\/uploads\/2021\/06\/20190516_Bild08_hp.JPG 300w, https:\/\/mlm4qj7rb3bu.i.optimole.com\/w:400\/h:267\/q:80\/f:best\/dpr:2\/https:\/\/nabu-kaiserstuhl.de\/wp-content\/uploads\/2021\/06\/20190516_Bild08_hp.JPG 2x\" \/><\/a><\/figure>\n<\/div>\n\n\n<p>Sporadisch machen sie sich immer wieder zu uns auf. Da kann man schon mal \u00fcber 100 Bienenfresser zu sehen bekommen, ein gro\u00dfartiges Erlebnis.<\/p>\n\n\n\n<p>Im September ist es wieder Zeit f\u00fcr ihren R\u00fcckflug in ihr Winterquartier. \u00dcber Spanien geht ihre Reise nach Afrika bis in das Kongo-Delta.<\/p>\n\n\n<div class=\"wp-block-image\">\n<figure class=\"aligncenter\"><a class=\"\" href=\"https:\/\/nabu-kaiserstuhl.de\/wp-content\/uploads\/2021\/06\/20160623_Bild09_bei_36-Gra_hp.JPG\" target=\"_blank\" rel=\"noreferrer noopener\"><img data-opt-id=587188513  data-opt-src=\"https:\/\/mlm4qj7rb3bu.i.optimole.com\/w:auto\/h:auto\/q:80\/f:best\/https:\/\/nabu-kaiserstuhl.de\/wp-content\/uploads\/2021\/06\/20160623_Bild09_bei_36-Gra_hp.JPG\"  loading=\"lazy\" decoding=\"async\" width=\"400\" height=\"300\" src=\"data:image/svg+xml,%3Csvg%20viewBox%3D%220%200%20100%%20100%%22%20width%3D%22100%%22%20height%3D%22100%%22%20xmlns%3D%22http%3A%2F%2Fwww.w3.org%2F2000%2Fsvg%22%3E%3Crect%20width%3D%22100%%22%20height%3D%22100%%22%20fill%3D%22transparent%22%2F%3E%3C%2Fsvg%3E\" alt=\"20160623_Bild09_bei_36-Gra_hp.JPG\" class=\"wp-image-774\" old-srcset=\"https:\/\/mlm4qj7rb3bu.i.optimole.com\/w:400\/h:300\/q:80\/f:best\/https:\/\/nabu-kaiserstuhl.de\/wp-content\/uploads\/2021\/06\/20160623_Bild09_bei_36-Gra_hp.JPG 400w, https:\/\/mlm4qj7rb3bu.i.optimole.com\/w:300\/h:225\/q:80\/f:best\/https:\/\/nabu-kaiserstuhl.de\/wp-content\/uploads\/2021\/06\/20160623_Bild09_bei_36-Gra_hp.JPG 300w, https:\/\/mlm4qj7rb3bu.i.optimole.com\/w:400\/h:300\/q:80\/f:best\/dpr:2\/https:\/\/nabu-kaiserstuhl.de\/wp-content\/uploads\/2021\/06\/20160623_Bild09_bei_36-Gra_hp.JPG 2x\" \/><\/a><\/figure>\n<\/div>\n\n\n<p class=\"has-text-align-center\">Bericht und Bilder:&nbsp; Engelbert Mayer<\/p>\n","protected":false},"excerpt":{"rendered":"<p>Merops apiaster am Kaiserstuhl Eine Bestandsentwicklung in der Gemarkung von Eichstetten Eigentlich m\u00fcsste es \u201e30 Jahre Bienenfresser wieder am Kaiserstuhl\u201c hei\u00dfen. Denn schon 1873 br\u00fcteten im Kaiserstuhl bei Bickensohl etwa&hellip;&nbsp;<a href=\"https:\/\/nabu-kaiserstuhl.de\/index.php\/30-jahre_bienenfresser\/\" rel=\"bookmark\">Weiterlesen&#8230;<span class=\"screen-reader-text\">30 Jahre Bienenfresser<\/span><\/a><\/p>\n","protected":false},"author":2,"featured_media":756,"comment_status":"open","ping_status":"open","sticky":false,"template":"","format":"standard","meta":{"neve_meta_sidebar":"","neve_meta_container":"","neve_meta_enable_content_width":"","neve_meta_content_width":0,"neve_meta_title_alignment":"","neve_meta_author_avatar":"","neve_post_elements_order":"","neve_meta_disable_header":"","neve_meta_disable_footer":"","neve_meta_disable_title":"","neve_meta_reading_time":"","_themeisle_gutenberg_block_has_review":false,"footnotes":""},"categories":[58],"tags":[],"class_list":["post-775","post","type-post","status-publish","format-standard","has-post-thumbnail","hentry","category-bienenfresser"],"publishpress_future_action":{"enabled":false,"date":"2026-05-10 12:23:29","action":"change-status","newStatus":"draft","terms":[],"taxonomy":"category","extraData":[]},"publishpress_future_workflow_manual_trigger":{"enabledWorkflows":[]},"_links":{"self":[{"href":"https:\/\/nabu-kaiserstuhl.de\/index.php\/wp-json\/wp\/v2\/posts\/775","targetHints":{"allow":["GET"]}}],"collection":[{"href":"https:\/\/nabu-kaiserstuhl.de\/index.php\/wp-json\/wp\/v2\/posts"}],"about":[{"href":"https:\/\/nabu-kaiserstuhl.de\/index.php\/wp-json\/wp\/v2\/types\/post"}],"author":[{"embeddable":true,"href":"https:\/\/nabu-kaiserstuhl.de\/index.php\/wp-json\/wp\/v2\/users\/2"}],"replies":[{"embeddable":true,"href":"https:\/\/nabu-kaiserstuhl.de\/index.php\/wp-json\/wp\/v2\/comments?post=775"}],"version-history":[{"count":0,"href":"https:\/\/nabu-kaiserstuhl.de\/index.php\/wp-json\/wp\/v2\/posts\/775\/revisions"}],"wp:featuredmedia":[{"embeddable":true,"href":"https:\/\/nabu-kaiserstuhl.de\/index.php\/wp-json\/wp\/v2\/media\/756"}],"wp:attachment":[{"href":"https:\/\/nabu-kaiserstuhl.de\/index.php\/wp-json\/wp\/v2\/media?parent=775"}],"wp:term":[{"taxonomy":"category","embeddable":true,"href":"https:\/\/nabu-kaiserstuhl.de\/index.php\/wp-json\/wp\/v2\/categories?post=775"},{"taxonomy":"post_tag","embeddable":true,"href":"https:\/\/nabu-kaiserstuhl.de\/index.php\/wp-json\/wp\/v2\/tags?post=775"}],"curies":[{"name":"wp","href":"https:\/\/api.w.org\/{rel}","templated":true}]}}