{"id":739,"date":"2021-02-16T17:14:02","date_gmt":"2021-02-16T16:14:02","guid":{"rendered":"https:\/\/nabu-kaiserstuhl.de\/index.php\/13-02-2021-wintergaeste-auf-dem-rhein-weisweil\/"},"modified":"2021-02-16T17:14:02","modified_gmt":"2021-02-16T16:14:02","slug":"13-02-2021-wintergaeste-auf-dem-rhein-weisweil","status":"publish","type":"post","link":"https:\/\/nabu-kaiserstuhl.de\/index.php\/13-02-2021-wintergaeste-auf-dem-rhein-weisweil\/","title":{"rendered":"13.02.2021 Winterg\u00e4ste auf dem Rhein\/Weisweil"},"content":{"rendered":"<h3 style=\"text-align: center;\">Winterg\u00e4ste in Weisweil \u2013 eine Wasservogel-Exkursion im Februar 2021<\/h3>\n<p>Corona-bedingt musste auch unsere Wasservogel-Exkursion im Februar abgesagt werden.<\/p>\n<p>Wir hatten deshalb die Idee, gem\u00e4\u00df geltenden Corona-Regeln einmal gucken zu gehen, was sich in Weisweil am Rhein ornithologisch so tut, und Euch davon zu berichten.<\/p>\n<p>Barbara erlebte eine Woche vorher, am 6.2.2021, ein Hochwasser, das sie bislang so noch nie gesehen hatte. Der stille Altrheinarm war zum rei\u00dfenden Strom geworden, der von den Wasserv\u00f6geln gemieden wurde, unser gewohnter Beobachtungsdamm stellenweise \u00fcbersp\u00fclt oder nah an der Wasserkante.<\/p>\n<p style=\"text-align: center;\"><a class=\"jcepopup\" href=\"https:\/\/mlm4qj7rb3bu.i.optimole.com\/w:auto\/h:auto\/q:80\/f:best\/https:\/\/nabu-kaiserstuhl.de\/wp-content\/uploads\/2021\/02\/20210204_Hochwasser.jpg\" type=\"image\/jpeg\" data-mediabox=\"1\" data-mediabox-width=\"90%\" data-mediabox-title=\"Hochwasser am Rhein\"><img data-opt-id=2145658537  fetchpriority=\"high\" decoding=\"async\" width=\"420\" height=\"315\" class=\" size-full wp-image-729\" style=\"display: block; margin-left: auto; margin-right: auto;\" src=\"https:\/\/mlm4qj7rb3bu.i.optimole.com\/w:auto\/h:auto\/q:80\/f:best\/https:\/\/nabu-kaiserstuhl.de\/wp-content\/uploads\/2021\/02\/20210204_Hochwasser_hp.jpg\" alt=\"20210204_Hochwasser\" srcset=\"https:\/\/mlm4qj7rb3bu.i.optimole.com\/w:420\/h:315\/q:80\/f:best\/https:\/\/nabu-kaiserstuhl.de\/wp-content\/uploads\/2021\/02\/20210204_Hochwasser_hp.jpg 420w, https:\/\/mlm4qj7rb3bu.i.optimole.com\/w:300\/h:225\/q:80\/f:best\/https:\/\/nabu-kaiserstuhl.de\/wp-content\/uploads\/2021\/02\/20210204_Hochwasser_hp.jpg 300w, https:\/\/mlm4qj7rb3bu.i.optimole.com\/w:420\/h:315\/q:80\/f:best\/dpr:2\/https:\/\/nabu-kaiserstuhl.de\/wp-content\/uploads\/2021\/02\/20210204_Hochwasser_hp.jpg 2x\" sizes=\"(max-width: 420px) 100vw, 420px\" \/><\/a> Hochwasser (Foto: B.Mutke)<\/p>\n<p style=\"text-align: left;\"> Eine Woche sp\u00e4ter, am 13.2.2021, war es sehr kalt geworden. Gute Chancen, Wasserv\u00f6gel zu entdecken, die dem noch k\u00e4lteren Wetter im Norden und Osten nach S\u00fcden ausgewichen waren!<\/p>\n<p>Eisigem Ostwind und 8 Grad Minustemperaturen trotzend zogen Barbara und Andreas morgens um 10 Uhr los.<\/p>\n<p style=\"text-align: center;\"><a class=\"jcepopup\" href=\"https:\/\/mlm4qj7rb3bu.i.optimole.com\/w:auto\/h:auto\/q:80\/f:best\/https:\/\/nabu-kaiserstuhl.de\/wp-content\/uploads\/2021\/02\/20210213_Barbara_und_Andreas_beim_Voegel_gucken.jpg\" type=\"image\/jpeg\" data-mediabox=\"1\" data-mediabox-width=\"95%\" data-mediabox-title=\"20210213_Barbara_und_Andreas_beim_Voegel_gucken\"><img data-opt-id=359998486  fetchpriority=\"high\" decoding=\"async\" width=\"420\" height=\"279\" class=\" size-full wp-image-732\" src=\"https:\/\/mlm4qj7rb3bu.i.optimole.com\/w:auto\/h:auto\/q:80\/f:best\/https:\/\/nabu-kaiserstuhl.de\/wp-content\/uploads\/2021\/02\/20210213_Barbara_und_Andreas_beim_Voegel_gucken_hp.jpg\" alt=\"20210213_Barbara_und_Andreas_beim_Voegel_gucken\" srcset=\"https:\/\/mlm4qj7rb3bu.i.optimole.com\/w:420\/h:279\/q:80\/f:best\/https:\/\/nabu-kaiserstuhl.de\/wp-content\/uploads\/2021\/02\/20210213_Barbara_und_Andreas_beim_Voegel_gucken_hp.jpg 420w, https:\/\/mlm4qj7rb3bu.i.optimole.com\/w:300\/h:199\/q:80\/f:best\/https:\/\/nabu-kaiserstuhl.de\/wp-content\/uploads\/2021\/02\/20210213_Barbara_und_Andreas_beim_Voegel_gucken_hp.jpg 300w, https:\/\/mlm4qj7rb3bu.i.optimole.com\/w:420\/h:279\/q:80\/f:best\/dpr:2\/https:\/\/nabu-kaiserstuhl.de\/wp-content\/uploads\/2021\/02\/20210213_Barbara_und_Andreas_beim_Voegel_gucken_hp.jpg 2x\" sizes=\"(max-width: 420px) 100vw, 420px\" \/><\/a> <br \/>Barbara und Andreas beim V\u00f6gel gucken (Foto: S.Mutke)<\/p>\n<p>War das wirklich eine so gute Idee? Es war so bitterkalt&#8230; <br \/> Doch wir wurden belohnt. Hier, was wir entdeckten:<\/p>\n<p>Blesshuhn, Haubentaucher, Zwergtaucher, G\u00e4nses\u00e4ger, Zwergs\u00e4ger (2 Paare!), Graureiher, M\u00f6ve (die Art konnte nicht ermittelt werden), viele Kormorane &#8230;<\/p>\n<p style=\"text-align: center;\"><a class=\"jcepopup\" href=\"https:\/\/mlm4qj7rb3bu.i.optimole.com\/w:auto\/h:auto\/q:80\/f:best\/https:\/\/nabu-kaiserstuhl.de\/wp-content\/uploads\/2021\/02\/20210213_Kormorane.jpg\" data-mediabox=\"1\" data-mediabox-width=\"95%\" data-mediabox-title=\"20210213_Kormorane\"><img data-opt-id=840544720  fetchpriority=\"high\" decoding=\"async\" width=\"420\" height=\"249\" class=\" size-full wp-image-734\" src=\"https:\/\/mlm4qj7rb3bu.i.optimole.com\/w:auto\/h:auto\/q:80\/f:best\/https:\/\/nabu-kaiserstuhl.de\/wp-content\/uploads\/2021\/02\/20210213_Kormorane_hp.jpg\" alt=\"20210213_Komorane\" srcset=\"https:\/\/mlm4qj7rb3bu.i.optimole.com\/w:420\/h:249\/q:80\/f:best\/https:\/\/nabu-kaiserstuhl.de\/wp-content\/uploads\/2021\/02\/20210213_Kormorane_hp.jpg 420w, https:\/\/mlm4qj7rb3bu.i.optimole.com\/w:300\/h:178\/q:80\/f:best\/https:\/\/nabu-kaiserstuhl.de\/wp-content\/uploads\/2021\/02\/20210213_Kormorane_hp.jpg 300w, https:\/\/mlm4qj7rb3bu.i.optimole.com\/w:420\/h:249\/q:80\/f:best\/dpr:2\/https:\/\/nabu-kaiserstuhl.de\/wp-content\/uploads\/2021\/02\/20210213_Kormorane_hp.jpg 2x\" sizes=\"(max-width: 420px) 100vw, 420px\" \/><\/a> <br \/>Kormorane (Foto: S.Mutke)<\/p>\n<p>Entenv\u00f6gel: Reiherente, Schnatterente, Stockente, Tafelente sowie Krickente (5 Paare!!) und Kolbenente (2 Paare!!)<\/p>\n<p style=\"text-align: center;\"><a class=\"jcepopup zoom-bottom-right\" href=\"https:\/\/mlm4qj7rb3bu.i.optimole.com\/w:auto\/h:auto\/q:80\/f:best\/https:\/\/nabu-kaiserstuhl.de\/wp-content\/uploads\/2021\/02\/20210213_Reiherenten_am_Uferrand_Krickenten.jpg\" type=\"image\/jpeg\" data-mediabox=\"1\" data-mediabox-width=\"95%\" data-mediabox-title=\"20210213_Reiherenten_am_Uferrand_Krickenten\"><img data-opt-id=932755066  data-opt-src=\"https:\/\/mlm4qj7rb3bu.i.optimole.com\/w:auto\/h:auto\/q:80\/f:best\/https:\/\/nabu-kaiserstuhl.de\/wp-content\/uploads\/2021\/02\/20210213_Reiherenten_am_Uferrand_Krickenten_hp.jpg\"  loading=\"lazy\" decoding=\"async\" width=\"420\" height=\"231\" class=\" size-full wp-image-736\" src=\"data:image/svg+xml,%3Csvg%20viewBox%3D%220%200%20100%%20100%%22%20width%3D%22100%%22%20height%3D%22100%%22%20xmlns%3D%22http%3A%2F%2Fwww.w3.org%2F2000%2Fsvg%22%3E%3Crect%20width%3D%22100%%22%20height%3D%22100%%22%20fill%3D%22transparent%22%2F%3E%3C%2Fsvg%3E\" alt=\"20210213_Reiherenten_am_Uferrand_Krickenten\" old-srcset=\"https:\/\/mlm4qj7rb3bu.i.optimole.com\/w:420\/h:231\/q:80\/f:best\/https:\/\/nabu-kaiserstuhl.de\/wp-content\/uploads\/2021\/02\/20210213_Reiherenten_am_Uferrand_Krickenten_hp.jpg 420w, https:\/\/mlm4qj7rb3bu.i.optimole.com\/w:300\/h:165\/q:80\/f:best\/https:\/\/nabu-kaiserstuhl.de\/wp-content\/uploads\/2021\/02\/20210213_Reiherenten_am_Uferrand_Krickenten_hp.jpg 300w, https:\/\/mlm4qj7rb3bu.i.optimole.com\/w:420\/h:231\/q:80\/f:best\/dpr:2\/https:\/\/nabu-kaiserstuhl.de\/wp-content\/uploads\/2021\/02\/20210213_Reiherenten_am_Uferrand_Krickenten_hp.jpg 2x\" \/><\/a> <br \/>Reiherenten, am Uferrand Krickenten(Foto: S.Mutke)<\/p>\n<p>Die Sensation der diesj\u00e4hrigen Wasservogel-Exkursion waren f\u00fcr uns 3 Paare L\u00f6ffelenten!<\/p>\n<p style=\"text-align: center;\"><a class=\"jcepopup zoom-bottom-right\" href=\"https:\/\/mlm4qj7rb3bu.i.optimole.com\/w:auto\/h:auto\/q:80\/f:best\/https:\/\/nabu-kaiserstuhl.de\/wp-content\/uploads\/2021\/02\/20210213_Reiherenten_im_Hintergrund_die_Loeffelenten.jpg\" type=\"image\/jpeg\" data-mediabox=\"1\" data-mediabox-width=\"95%\" data-mediabox-title=\"20210213_Reiherenten_im_Hintergrund_die_Loeffelenten.\"><img data-opt-id=1665221337  data-opt-src=\"https:\/\/mlm4qj7rb3bu.i.optimole.com\/w:auto\/h:auto\/q:80\/f:best\/https:\/\/nabu-kaiserstuhl.de\/wp-content\/uploads\/2021\/02\/20210213_Reiherenten_im_Hintergrund_die_Loeffelenten_hp.jpg\"  loading=\"lazy\" decoding=\"async\" width=\"420\" height=\"286\" class=\" size-full wp-image-738\" style=\"https: \/\/nabu-kaiserstuhl.de\/Datenbank\/Bilder\/20210213_Reiherenten_im_Hintergrund_die_Loeffelenten.jpg;\" src=\"data:image/svg+xml,%3Csvg%20viewBox%3D%220%200%20100%%20100%%22%20width%3D%22100%%22%20height%3D%22100%%22%20xmlns%3D%22http%3A%2F%2Fwww.w3.org%2F2000%2Fsvg%22%3E%3Crect%20width%3D%22100%%22%20height%3D%22100%%22%20fill%3D%22transparent%22%2F%3E%3C%2Fsvg%3E\" alt=\"20210213_Reiherenten_im_Hintergrund_die_Loeffelenten\" old-srcset=\"https:\/\/mlm4qj7rb3bu.i.optimole.com\/w:420\/h:286\/q:80\/f:best\/https:\/\/nabu-kaiserstuhl.de\/wp-content\/uploads\/2021\/02\/20210213_Reiherenten_im_Hintergrund_die_Loeffelenten_hp.jpg 420w, https:\/\/mlm4qj7rb3bu.i.optimole.com\/w:300\/h:204\/q:80\/f:best\/https:\/\/nabu-kaiserstuhl.de\/wp-content\/uploads\/2021\/02\/20210213_Reiherenten_im_Hintergrund_die_Loeffelenten_hp.jpg 300w, https:\/\/mlm4qj7rb3bu.i.optimole.com\/w:420\/h:286\/q:80\/f:best\/dpr:2\/https:\/\/nabu-kaiserstuhl.de\/wp-content\/uploads\/2021\/02\/20210213_Reiherenten_im_Hintergrund_die_Loeffelenten_hp.jpg 2x\" \/><\/a> <br \/>Reiherenten, im Hintergrund die L\u00f6ffelenten (Foto: S.Mutke)<\/p>\n<p>Barbara Mutke, Andreas Galli,&nbsp; Februar 2021<\/p>\n","protected":false},"excerpt":{"rendered":"<p>Winterg\u00e4ste in Weisweil \u2013 eine Wasservogel-Exkursion im Februar 2021 Corona-bedingt musste auch unsere Wasservogel-Exkursion im Februar abgesagt werden. Wir hatten deshalb die Idee, gem\u00e4\u00df geltenden Corona-Regeln einmal gucken zu gehen,&hellip;&nbsp;<a href=\"https:\/\/nabu-kaiserstuhl.de\/index.php\/13-02-2021-wintergaeste-auf-dem-rhein-weisweil\/\" rel=\"bookmark\">Weiterlesen&#8230;<span class=\"screen-reader-text\">13.02.2021 Winterg\u00e4ste auf dem Rhein\/Weisweil<\/span><\/a><\/p>\n","protected":false},"author":2,"featured_media":729,"comment_status":"open","ping_status":"open","sticky":false,"template":"","format":"standard","meta":{"neve_meta_sidebar":"","neve_meta_container":"","neve_meta_enable_content_width":"","neve_meta_content_width":0,"neve_meta_title_alignment":"","neve_meta_author_avatar":"","neve_post_elements_order":"","neve_meta_disable_header":"","neve_meta_disable_footer":"","neve_meta_disable_title":"","neve_meta_reading_time":"","_themeisle_gutenberg_block_has_review":false,"footnotes":""},"categories":[96],"tags":[],"class_list":["post-739","post","type-post","status-publish","format-standard","has-post-thumbnail","hentry","category-aktuell-2021"],"publishpress_future_action":{"enabled":false,"date":"2026-05-09 05:37:22","action":"change-status","newStatus":"draft","terms":[],"taxonomy":"category","extraData":[]},"publishpress_future_workflow_manual_trigger":{"enabledWorkflows":[]},"_links":{"self":[{"href":"https:\/\/nabu-kaiserstuhl.de\/index.php\/wp-json\/wp\/v2\/posts\/739","targetHints":{"allow":["GET"]}}],"collection":[{"href":"https:\/\/nabu-kaiserstuhl.de\/index.php\/wp-json\/wp\/v2\/posts"}],"about":[{"href":"https:\/\/nabu-kaiserstuhl.de\/index.php\/wp-json\/wp\/v2\/types\/post"}],"author":[{"embeddable":true,"href":"https:\/\/nabu-kaiserstuhl.de\/index.php\/wp-json\/wp\/v2\/users\/2"}],"replies":[{"embeddable":true,"href":"https:\/\/nabu-kaiserstuhl.de\/index.php\/wp-json\/wp\/v2\/comments?post=739"}],"version-history":[{"count":0,"href":"https:\/\/nabu-kaiserstuhl.de\/index.php\/wp-json\/wp\/v2\/posts\/739\/revisions"}],"wp:featuredmedia":[{"embeddable":true,"href":"https:\/\/nabu-kaiserstuhl.de\/index.php\/wp-json\/wp\/v2\/media\/729"}],"wp:attachment":[{"href":"https:\/\/nabu-kaiserstuhl.de\/index.php\/wp-json\/wp\/v2\/media?parent=739"}],"wp:term":[{"taxonomy":"category","embeddable":true,"href":"https:\/\/nabu-kaiserstuhl.de\/index.php\/wp-json\/wp\/v2\/categories?post=739"},{"taxonomy":"post_tag","embeddable":true,"href":"https:\/\/nabu-kaiserstuhl.de\/index.php\/wp-json\/wp\/v2\/tags?post=739"}],"curies":[{"name":"wp","href":"https:\/\/api.w.org\/{rel}","templated":true}]}}