{"id":716,"date":"2020-08-29T16:53:59","date_gmt":"2020-08-29T14:53:59","guid":{"rendered":"https:\/\/nabu-kaiserstuhl.de\/index.php\/1-apfelernte-2020\/"},"modified":"2020-08-29T16:53:59","modified_gmt":"2020-08-29T14:53:59","slug":"1-apfelernte-2020","status":"publish","type":"post","link":"https:\/\/nabu-kaiserstuhl.de\/index.php\/1-apfelernte-2020\/","title":{"rendered":"1. Apfelernte 2020"},"content":{"rendered":"<p>bei der ersten Apfelernte konnten wir 844 Kilo \u00c4pfel ernten! Wegen der Hitze und Trockenheit hatten viele B\u00e4ume etliche ihrer \u00c4pfel bereits abgeworfen. <br \/> Fr\u00fche Ernte also dieses Jahr. Das 3. D\u00fcrre-Jahr setzt auch unseren B\u00e4umen zu.<\/p>\n<p><a class=\"jcepopup noicon\" href=\"https:\/\/mlm4qj7rb3bu.i.optimole.com\/w:auto\/h:auto\/q:80\/f:best\/https:\/\/nabu-kaiserstuhl.de\/wp-content\/uploads\/2020\/08\/20200829_KWO_Apfelernte.png\" type=\"image\/png\" data-mediabox=\"1\" data-mediabox-width=\"1000\"><img data-opt-id=123849101  fetchpriority=\"high\" decoding=\"async\" class=\" size-full wp-image-715\" style=\"display: block; margin-left: auto; margin-right: auto;\" src=\"https:\/\/mlm4qj7rb3bu.i.optimole.com\/w:auto\/h:auto\/q:80\/f:best\/https:\/\/nabu-kaiserstuhl.de\/wp-content\/uploads\/2020\/08\/20200829_KWO_Apfelernte.png\" alt=\"20200829_KWO_Apfelernte\" width=\"450\" height=\"299\" srcset=\"https:\/\/mlm4qj7rb3bu.i.optimole.com\/w:500\/h:333\/q:80\/f:best\/https:\/\/nabu-kaiserstuhl.de\/wp-content\/uploads\/2020\/08\/20200829_KWO_Apfelernte.png 500w, https:\/\/mlm4qj7rb3bu.i.optimole.com\/w:300\/h:200\/q:80\/f:best\/https:\/\/nabu-kaiserstuhl.de\/wp-content\/uploads\/2020\/08\/20200829_KWO_Apfelernte.png 300w, https:\/\/mlm4qj7rb3bu.i.optimole.com\/w:500\/h:333\/q:80\/f:best\/dpr:2\/https:\/\/nabu-kaiserstuhl.de\/wp-content\/uploads\/2020\/08\/20200829_KWO_Apfelernte.png 2x\" sizes=\"(max-width: 450px) 100vw, 450px\" \/><\/a><\/p>\n<p style=\"text-align: center;\"><!--[if gte vml 1]><v:shapetype id=\"_x0000_t75\" coordsize=\"21600,21600\"\n o:spt=\"75\" o:preferrelative=\"t\" path=\"<a href=\"mailto:m@4@5l\">m@4@5l<\/a>@<a href=\"mailto:4@11@9\">4@11@9<\/a>@<a href=\"mailto:11@9@5xe\">11@9@5xe<\/a>\" filled=\"f\"\n stroked=\"f\">\n <v:stroke joinstyle=\"miter\"\/>\n <v:formulas>\n  <v:f eqn=\"if lineDrawn pixelLineWidth 0\"\/>\n  <v:f eqn=\"sum @0 1 0\"\/>\n  <v:f eqn=\"sum 0 0 @1\"\/>\n  <v:f eqn=\"prod @2 1 2\"\/>\n  <v:f eqn=\"prod @3 21600 pixelWidth\"\/>\n  <v:f eqn=\"prod @3 21600 pixelHeight\"\/>\n  <v:f eqn=\"sum @0 0 1\"\/>\n  <v:f eqn=\"prod @6 1 2\"\/>\n  <v:f eqn=\"prod @7 21600 pixelWidth\"\/>\n  <v:f eqn=\"sum @8 21600 0\"\/>\n  <v:f eqn=\"prod @7 21600 pixelHeight\"\/>\n  <v:f eqn=\"sum @10 21600 0\"\/>\n <\/v:formulas>\n <v:path o:extrusionok=\"f\" gradientshapeok=\"t\" o:connecttype=\"rect\"\/>\n <o:lock v:ext=\"edit\" aspectratio=\"t\"\/>\n<\/v:shapetype><v:shape id=\"_x0000_i1025\" type=\"#_x0000_t75\" alt=\"\" style='width:407.25pt;\n height:271.5pt'>\n <v:imagedata src=\"file:\/\/\/D:\\EIGENE~1\\Gerhard\\AppData\\Local\\Temp\\msohtmlclip1\\01\\clip_image001.jpg\"\n  o:href=\"cid:<a href=\"mailto:part2.BB7E5987.1158975C@NABU-Kaiserstuhl.de\">part2.BB7E5987.1158975C@NABU-Kaiserstuhl.de<\/a>\"\/>\n<\/v:shape><![endif]--><!--[if !vml]--><!--[endif]-->Foto: Kaiserst\u00fchler Wochenbericht<\/p>\n","protected":false},"excerpt":{"rendered":"<p>bei der ersten Apfelernte konnten wir 844 Kilo \u00c4pfel ernten! Wegen der Hitze und Trockenheit hatten viele B\u00e4ume etliche ihrer \u00c4pfel bereits abgeworfen. Fr\u00fche Ernte also dieses Jahr. Das 3.&hellip;&nbsp;<a href=\"https:\/\/nabu-kaiserstuhl.de\/index.php\/1-apfelernte-2020\/\" rel=\"bookmark\">Weiterlesen&#8230;<span class=\"screen-reader-text\">1. Apfelernte 2020<\/span><\/a><\/p>\n","protected":false},"author":2,"featured_media":715,"comment_status":"open","ping_status":"open","sticky":false,"template":"","format":"standard","meta":{"neve_meta_sidebar":"","neve_meta_container":"","neve_meta_enable_content_width":"","neve_meta_content_width":0,"neve_meta_title_alignment":"","neve_meta_author_avatar":"","neve_post_elements_order":"","neve_meta_disable_header":"","neve_meta_disable_footer":"","neve_meta_disable_title":"","neve_meta_reading_time":"","_themeisle_gutenberg_block_has_review":false,"footnotes":""},"categories":[49],"tags":[],"class_list":["post-716","post","type-post","status-publish","format-standard","has-post-thumbnail","hentry","category-streuobstwiese"],"publishpress_future_action":{"enabled":false,"date":"2026-05-06 11:22:25","action":"change-status","newStatus":"draft","terms":[],"taxonomy":"category","extraData":[]},"publishpress_future_workflow_manual_trigger":{"enabledWorkflows":[]},"_links":{"self":[{"href":"https:\/\/nabu-kaiserstuhl.de\/index.php\/wp-json\/wp\/v2\/posts\/716","targetHints":{"allow":["GET"]}}],"collection":[{"href":"https:\/\/nabu-kaiserstuhl.de\/index.php\/wp-json\/wp\/v2\/posts"}],"about":[{"href":"https:\/\/nabu-kaiserstuhl.de\/index.php\/wp-json\/wp\/v2\/types\/post"}],"author":[{"embeddable":true,"href":"https:\/\/nabu-kaiserstuhl.de\/index.php\/wp-json\/wp\/v2\/users\/2"}],"replies":[{"embeddable":true,"href":"https:\/\/nabu-kaiserstuhl.de\/index.php\/wp-json\/wp\/v2\/comments?post=716"}],"version-history":[{"count":0,"href":"https:\/\/nabu-kaiserstuhl.de\/index.php\/wp-json\/wp\/v2\/posts\/716\/revisions"}],"wp:featuredmedia":[{"embeddable":true,"href":"https:\/\/nabu-kaiserstuhl.de\/index.php\/wp-json\/wp\/v2\/media\/715"}],"wp:attachment":[{"href":"https:\/\/nabu-kaiserstuhl.de\/index.php\/wp-json\/wp\/v2\/media?parent=716"}],"wp:term":[{"taxonomy":"category","embeddable":true,"href":"https:\/\/nabu-kaiserstuhl.de\/index.php\/wp-json\/wp\/v2\/categories?post=716"},{"taxonomy":"post_tag","embeddable":true,"href":"https:\/\/nabu-kaiserstuhl.de\/index.php\/wp-json\/wp\/v2\/tags?post=716"}],"curies":[{"name":"wp","href":"https:\/\/api.w.org\/{rel}","templated":true}]}}