{"id":682,"date":"2020-02-29T00:00:00","date_gmt":"2020-02-28T23:00:00","guid":{"rendered":"https:\/\/nabu-kaiserstuhl.de\/index.php\/29-02-2020-bz-den-voegeln-und-rehen-auf-der-spur\/"},"modified":"2022-11-23T12:54:36","modified_gmt":"2022-11-23T11:54:36","slug":"29-02-2020-bz-den-voegeln-und-rehen-auf-der-spur","status":"publish","type":"post","link":"https:\/\/nabu-kaiserstuhl.de\/index.php\/29-02-2020-bz-den-voegeln-und-rehen-auf-der-spur\/","title":{"rendered":"29.02.2020 BZ Den V\u00f6geln und Rehen auf der Spur"},"content":{"rendered":"<h4 style=\"text-align: center;\"><strong>Den V\u00f6geln und Rehen auf der Spur<\/strong><\/h4>\n<p style=\"text-align: center;\">Von <a href=\"https:\/\/www.badische-zeitung.de\/horst-david-x1x\">Horst David<\/a> Sa, 29. Februar 2020 <a href=\"https:\/\/www.badische-zeitung.de\/boetzingen\">B\u00f6tzingen <\/a><\/p>\n<h5 style=\"text-align: center;\"> <strong>Der Naturschutzbund Kaiserstuhl veranstaltet Aktionen mit Kindern in Eichstetten und B\u00f6tzingen \/ Nistk\u00e4stenkontrolle .<\/strong><\/h5>\n<p><a class=\"jcepopup zoom-bottom-right\" href=\"https:\/\/mlm4qj7rb3bu.i.optimole.com\/w:auto\/h:auto\/q:80\/f:best\/https:\/\/nabu-kaiserstuhl.de\/Datenbank\/Bilder\/20200229_BZ_Den_Voegeln_und_Rehen_auf_der_Spur.jpg\" type=\"image\/jpeg\" data-mediabox=\"1\" data-mediabox-width=\"820\"><img data-opt-id=1952579874  fetchpriority=\"high\" decoding=\"async\" style=\"display: block; margin-left: auto; margin-right: auto;\" src=\"https:\/\/mlm4qj7rb3bu.i.optimole.com\/w:auto\/h:auto\/q:80\/f:best\/https:\/\/nabu-kaiserstuhl.de\/Datenbank\/Bilder\/20200229_BZ_Den_Voegeln_und_Rehen_auf_der_Spur_HP.jpg\" alt=\"\" \/><\/a><\/p>\n<p style=\"text-align: center;\">Mira Steck und Andreas Galli zeigen einem Kind eine Nistr\u00f6hre. Foto:&nbsp;Horst&nbsp;David<\/p>\n<p>B\u00d6TZINGEN\/EICHSTETTEN. Die Kindergruppe des Naturschutzbunds (Nabu) Kaiserstuhl ist seit Januar wieder aktiv. Immer samstags geht es mit den Jugendbetreuerinnen Mira Steck und Lena Strau\u00df hinaus in die Natur. Oft ist auch Andreas Galli dabei, Vorsitzender des Nabu-Kaiserstuhl. F\u00fcr alle drei ist es wichtig, Kinder an die Natur heranzuf\u00fchren.<\/p>\n<p> Der Nabu-Kaiserstuhl sei &#8222;so froh, Veranstaltungen f\u00fcr Kinder anbieten zu k\u00f6nnen&#8220;, erkl\u00e4rt Galli. Wissen \u00fcber die Natur sei heute nicht mehr selbstverst\u00e4ndlich, aber wichtiger denn je, bekr\u00e4ftigt Mira Steck aus Denzlingen. Im Februar s\u00e4uberten und pr\u00fcften Steck und Galli die Nistk\u00e4sten bei der Streuobstwiese im Etlisbachtal in B\u00f6tzingen. Sie \u00f6ffneten die \u00fcberall aufgeh\u00e4ngten Nistk\u00e4sten. War viel Moos drin, so war es ein Brutplatz f\u00fcr die Kohl- oder Blaumeise. Mit viel weniger Moos dagegen ausgepolstert sind die Nistk\u00e4sten von Wendeh\u00e4lsen. Die besonders breiten Steinkauz-Nistk\u00e4sten sind innen so angeordnet, dass kein Marder herein kommt, sondern nur der Steinkauz. Au\u00dferdem werden sie auf dicken \u00c4sten angebracht, damit junge Steink\u00e4uze, falls sie herausfallen, wieder sicher zum Brutplatz auf dem Baum hochklettern k\u00f6nnen.<\/p>\n<p> Auch zwei Wiedehopfh\u00e4user gibt es auf der Streuobstwiese. Sie sind als Brutst\u00e4tten f\u00fcr den Wiedehopf n\u00f6tig, weil es weniger Rebh\u00e4usle im Kaiserstuhl gibt. In einigen Nistkasten fanden sich auch alte Vogeleier, die nicht ausgebr\u00fctet wurden.<\/p>\n<p> Ein weiteres Nabu-Thema f\u00fcr Kinder war der Lebensraum der Rehe im Eichstetter Wald. Bei einem Waldspaziergang erkl\u00e4rten Mira Steck und Lena Strau\u00df den zw\u00f6lf Kindern das Leben der Rehe. Die nehmen mit ihrem ausgepr\u00e4gten H\u00f6r- und Geruchssinn ihre Umgebung wahr und bemerken sehr fr\u00fch nahende Feinde. Besonders im Winter sei es besonders wichtig, die scheuen Tiere nicht zu erschrecken, wurde den Kindern erkl\u00e4rt. Wenn Tiere weglaufen, kostet das ihre Energiereserven.<\/p>\n<p> Die Kinder lernten auch die Unterschiede zwischen Hirsch und Reh kennen. Der leichte K\u00f6rper des flinken Rehs und das kleine Geweih des Rehbocks seien perfekt an das Leben im Wald angepasst. Gr\u00f6\u00dfter Feind sei der Mensch, erfuhren die Kinder: Im tiefen Gras liegend sei ein Rehkitz M\u00e4hern schutzlos ausgeliefert. Rehe ern\u00e4hren sich oft von der Rinde junger B\u00e4ume und w\u00fcrden daher von J\u00e4gern f\u00fcr einen gesunden Wald erlegt. Es sei wichtig, die Jagdzeiten einzuhalten, um die Rehbrutzeit und auch andere Tiere nicht zu st\u00f6ren.<\/p>\n<p>Ressort: <a href=\"https:\/\/www.badische-zeitung.de\/boetzingen\">B\u00f6tzingen <\/a><\/p>\n<ul>\n<li data-mce-word-list=\"1\">Ver\u00f6ffentlicht in der gedruckten Ausgabe der BZ vom Sa, 29. Februar 2020<\/li>\n<\/ul>\n","protected":false},"excerpt":{"rendered":"<p>Den V\u00f6geln und Rehen auf der Spur Von Horst David Sa, 29. Februar 2020 B\u00f6tzingen Der Naturschutzbund Kaiserstuhl veranstaltet Aktionen mit Kindern in Eichstetten und B\u00f6tzingen \/ Nistk\u00e4stenkontrolle . Mira&hellip;&nbsp;<a href=\"https:\/\/nabu-kaiserstuhl.de\/index.php\/29-02-2020-bz-den-voegeln-und-rehen-auf-der-spur\/\" rel=\"bookmark\">Weiterlesen&#8230;<span class=\"screen-reader-text\">29.02.2020 BZ Den V\u00f6geln und Rehen auf der Spur<\/span><\/a><\/p>\n","protected":false},"author":2,"featured_media":0,"comment_status":"open","ping_status":"open","sticky":false,"template":"","format":"standard","meta":{"neve_meta_sidebar":"","neve_meta_container":"","neve_meta_enable_content_width":"","neve_meta_content_width":0,"neve_meta_title_alignment":"","neve_meta_author_avatar":"","neve_post_elements_order":"","neve_meta_disable_header":"","neve_meta_disable_footer":"","neve_meta_disable_title":"","neve_meta_reading_time":"","_themeisle_gutenberg_block_has_review":false,"footnotes":""},"categories":[74,34],"tags":[],"class_list":["post-682","post","type-post","status-publish","format-standard","hentry","category-naju-2020","category-presse-2020"],"publishpress_future_action":{"enabled":false,"date":"2026-05-08 00:39:42","action":"change-status","newStatus":"draft","terms":[],"taxonomy":"category","extraData":[]},"publishpress_future_workflow_manual_trigger":{"enabledWorkflows":[]},"_links":{"self":[{"href":"https:\/\/nabu-kaiserstuhl.de\/index.php\/wp-json\/wp\/v2\/posts\/682","targetHints":{"allow":["GET"]}}],"collection":[{"href":"https:\/\/nabu-kaiserstuhl.de\/index.php\/wp-json\/wp\/v2\/posts"}],"about":[{"href":"https:\/\/nabu-kaiserstuhl.de\/index.php\/wp-json\/wp\/v2\/types\/post"}],"author":[{"embeddable":true,"href":"https:\/\/nabu-kaiserstuhl.de\/index.php\/wp-json\/wp\/v2\/users\/2"}],"replies":[{"embeddable":true,"href":"https:\/\/nabu-kaiserstuhl.de\/index.php\/wp-json\/wp\/v2\/comments?post=682"}],"version-history":[{"count":0,"href":"https:\/\/nabu-kaiserstuhl.de\/index.php\/wp-json\/wp\/v2\/posts\/682\/revisions"}],"wp:attachment":[{"href":"https:\/\/nabu-kaiserstuhl.de\/index.php\/wp-json\/wp\/v2\/media?parent=682"}],"wp:term":[{"taxonomy":"category","embeddable":true,"href":"https:\/\/nabu-kaiserstuhl.de\/index.php\/wp-json\/wp\/v2\/categories?post=682"},{"taxonomy":"post_tag","embeddable":true,"href":"https:\/\/nabu-kaiserstuhl.de\/index.php\/wp-json\/wp\/v2\/tags?post=682"}],"curies":[{"name":"wp","href":"https:\/\/api.w.org\/{rel}","templated":true}]}}