{"id":633,"date":"2020-07-26T20:07:07","date_gmt":"2020-07-26T18:07:07","guid":{"rendered":"https:\/\/nabu-kaiserstuhl.de\/index.php\/mehlschwalben\/"},"modified":"2022-11-25T14:30:04","modified_gmt":"2022-11-25T13:30:04","slug":"mehlschwalben","status":"publish","type":"post","link":"https:\/\/nabu-kaiserstuhl.de\/index.php\/mehlschwalben\/","title":{"rendered":"Mehlschwalben"},"content":{"rendered":"\n<figure class=\"wp-block-video\"><video controls src=\"https:\/\/nabu-kaiserstuhl.de\/Datenbank\/Filme\/Schwalben_Anflug_ans_Nest\/Schwalbenanflug_ans_Nest.files\/html5video\/2019AnflungbeiEngelbert80s.m4v\"><\/video><\/figure>\n\n\n\n<p class=\"has-small-font-size\">Auch unser ehemaliger und langj\u00e4hriger Vorsitzende Engelbert Mayer hat seit vielen Jahren an seinem Haus 4 Kunstnester f\u00fcr Mehlschwalben angebracht, die jedes Jahr in unterschiedlicher Zahl belegt wurden. In diesem Jahr wurden sie sehr z\u00f6gerlich und auch sp\u00e4t besiedelt. Wider Erwarten jedoch waren pl\u00f6tzlich nicht nur alle 4 Kunstnester belegt, sondern auch ein f\u00fcnftes Paar hat direkt daneben selbst noch ein Nest gebaut. Sodass nun in allen 5 Nestern erfolgreich gebr\u00fctet wurde.<br>Es war ein Genuss zu beobachten wie zweimal am Tag &#8211; morgens und abends &#8211; vor den Nestern eine Zusammenkunft mit allen auch in der Umgebung ausgeflogenen Mehlschwalben stattfand. Unz\u00e4hlige Schwalben flogen immer wieder die K\u00e4sten an, ohne reinzufliegen und auch ohne Zusammensto\u00df. Ein Schauspiel das nicht nur Vogelliebhaber begeisterte.<br>Da kurz danach zu sehen war, dass erneut gebr\u00fctet werden soll, hat er die angeh\u00e4uften Kothaufen auf den Kotbrettern entfernt, damit ein freier Anflug wieder m\u00f6glich war. In 3 Nestern \u2013 in 2 Kunst und im selbst gebauten \u2013 findet nun eine Zweitbrut statt.<br>Deshalb hat der Schwalben-K\u00fcmmerer auch die Plakette \u201eSchwalbenfreundliches Haus\u201c verliehen bekommen.<\/p>\n","protected":false},"excerpt":{"rendered":"<p>Auch unser ehemaliger und langj\u00e4hriger Vorsitzende Engelbert Mayer hat seit vielen Jahren an seinem Haus 4 Kunstnester f\u00fcr Mehlschwalben angebracht, die jedes Jahr in unterschiedlicher Zahl belegt wurden. In diesem&hellip;&nbsp;<a href=\"https:\/\/nabu-kaiserstuhl.de\/index.php\/mehlschwalben\/\" rel=\"bookmark\">Weiterlesen&#8230;<span class=\"screen-reader-text\">Mehlschwalben<\/span><\/a><\/p>\n","protected":false},"author":2,"featured_media":0,"comment_status":"open","ping_status":"open","sticky":false,"template":"","format":"standard","meta":{"neve_meta_sidebar":"","neve_meta_container":"","neve_meta_enable_content_width":"","neve_meta_content_width":0,"neve_meta_title_alignment":"","neve_meta_author_avatar":"","neve_post_elements_order":"","neve_meta_disable_header":"","neve_meta_disable_footer":"","neve_meta_disable_title":"","neve_meta_reading_time":"","_themeisle_gutenberg_block_has_review":false,"footnotes":""},"categories":[92],"tags":[],"class_list":["post-633","post","type-post","status-publish","format-standard","hentry","category-mehlschwalben"],"publishpress_future_action":{"enabled":false,"date":"2026-05-09 13:42:44","action":"change-status","newStatus":"draft","terms":[],"taxonomy":"category","extraData":[]},"publishpress_future_workflow_manual_trigger":{"enabledWorkflows":[]},"_links":{"self":[{"href":"https:\/\/nabu-kaiserstuhl.de\/index.php\/wp-json\/wp\/v2\/posts\/633","targetHints":{"allow":["GET"]}}],"collection":[{"href":"https:\/\/nabu-kaiserstuhl.de\/index.php\/wp-json\/wp\/v2\/posts"}],"about":[{"href":"https:\/\/nabu-kaiserstuhl.de\/index.php\/wp-json\/wp\/v2\/types\/post"}],"author":[{"embeddable":true,"href":"https:\/\/nabu-kaiserstuhl.de\/index.php\/wp-json\/wp\/v2\/users\/2"}],"replies":[{"embeddable":true,"href":"https:\/\/nabu-kaiserstuhl.de\/index.php\/wp-json\/wp\/v2\/comments?post=633"}],"version-history":[{"count":0,"href":"https:\/\/nabu-kaiserstuhl.de\/index.php\/wp-json\/wp\/v2\/posts\/633\/revisions"}],"wp:attachment":[{"href":"https:\/\/nabu-kaiserstuhl.de\/index.php\/wp-json\/wp\/v2\/media?parent=633"}],"wp:term":[{"taxonomy":"category","embeddable":true,"href":"https:\/\/nabu-kaiserstuhl.de\/index.php\/wp-json\/wp\/v2\/categories?post=633"},{"taxonomy":"post_tag","embeddable":true,"href":"https:\/\/nabu-kaiserstuhl.de\/index.php\/wp-json\/wp\/v2\/tags?post=633"}],"curies":[{"name":"wp","href":"https:\/\/api.w.org\/{rel}","templated":true}]}}