{"id":550,"date":"2018-04-02T14:20:57","date_gmt":"2018-04-02T12:20:57","guid":{"rendered":"https:\/\/nabu-kaiserstuhl.de\/index.php\/wir-ueber-uns\/"},"modified":"2022-11-08T17:31:56","modified_gmt":"2022-11-08T16:31:56","slug":"wir-ueber-uns","status":"publish","type":"post","link":"https:\/\/nabu-kaiserstuhl.de\/index.php\/wir-ueber-uns\/","title":{"rendered":"Wir \u00fcber uns"},"content":{"rendered":"<h2 style=\"text-align: center;\"><span style=\"background-color: #ffffff; color: #0068b4;\">&nbsp;Das Vorstandsteam<\/span><\/h2>\n<table style=\"width: 700px;\">\n<tbody>\n<tr>\n<td style=\"width: 50%;\"><a href=\"https:\/\/mlm4qj7rb3bu.i.optimole.com\/w:auto\/h:auto\/q:80\/f:best\/https:\/\/nabu-kaiserstuhl.de\/wp-content\/uploads\/2018\/04\/20220530_Vorstandschaft.webp\" target=\"_blank\" rel=\"noreferrer noopener\" type=\"image\/jpeg\" class=\"jcepopup\" data-mediabox=\"1\" data-mediabox-type=\"image\/jpeg\"><img data-opt-id=214295766  fetchpriority=\"high\" decoding=\"async\" class=\" size-full wp-image-549\" src=\"https:\/\/mlm4qj7rb3bu.i.optimole.com\/w:auto\/h:auto\/q:80\/f:best\/https:\/\/nabu-kaiserstuhl.de\/wp-content\/uploads\/2018\/04\/20220530_Vorstandschaft.webp\" alt=\"\" width=\"300\" style=\"display: block; margin: 15px auto 15px auto;\" srcset=\"https:\/\/mlm4qj7rb3bu.i.optimole.com\/w:800\/h:533\/q:80\/f:best\/https:\/\/nabu-kaiserstuhl.de\/wp-content\/uploads\/2018\/04\/20220530_Vorstandschaft.webp 800w, https:\/\/mlm4qj7rb3bu.i.optimole.com\/w:300\/h:200\/q:80\/f:best\/https:\/\/nabu-kaiserstuhl.de\/wp-content\/uploads\/2018\/04\/20220530_Vorstandschaft.webp 300w, https:\/\/mlm4qj7rb3bu.i.optimole.com\/w:768\/h:512\/q:80\/f:best\/https:\/\/nabu-kaiserstuhl.de\/wp-content\/uploads\/2018\/04\/20220530_Vorstandschaft.webp 768w, https:\/\/mlm4qj7rb3bu.i.optimole.com\/w:800\/h:533\/q:80\/f:best\/dpr:2\/https:\/\/nabu-kaiserstuhl.de\/wp-content\/uploads\/2018\/04\/20220530_Vorstandschaft.webp 2x\" sizes=\"(max-width: 800px) 100vw, 800px\" \/><\/a><\/td>\n<td style=\"width: 50%;\">\n<p style=\"text-align: center;\"><span style=\"font-family: arial, helvetica, sans-serif; font-size: 10pt;\">v. l. Barbara Mutke, <span style=\"font-family: arial, helvetica, sans-serif; font-size: 10pt;\">Wolfram L\u00fchr<\/span>, <span style=\"font-family: arial, helvetica, sans-serif; font-size: 10pt;\">Andreas Galli<\/span>,<br \/>Kornelia Noth-Fessler, Gerhard H\u00f6fflin.<\/span><\/p>\n<\/td>\n<\/tr>\n<tr>\n<td style=\"width: 300px;\">\n<h3 style=\"font-size: 16px; color: #0068b4; max-height: 108px; display: block; width: 317px;\"><span style=\"font-family: arial, helvetica, sans-serif;\"><span style=\"text-decoration: underline;\"><span style=\"color: #0068b4;\"><b><span style=\"font-weight: bold;\">1. Vorsitzender<\/span><\/b><\/span><\/span><\/span><\/h3>\n<p style=\"margin-bottom: 0px; max-height: 108px; display: block; width: 317px;\"><span style=\"font-family: arial, helvetica, sans-serif;\"><b><span style=\"font-weight: bold;\">Herr Andreas Galli<\/span><\/b><\/span><br \/><span style=\"font-size: 14px; font-family: arial, helvetica, sans-serif;\">Tel.: 07662 82 06<br \/>Mail:<a href=\"https:\/\/nabu-kaiserstuhl.de\/index.php\/mitglied-werden\/\">A.Galli(at)Nabu-Kaiserstuhl.de<\/a><\/span><\/p>\n<\/td>\n<td style=\"width: 355px;\">\n<p><span style=\"font-family: arial, helvetica, sans-serif; font-size: 10pt;\"><\/span><\/p>\n<p><span style=\"font-family: arial, helvetica, sans-serif; font-size: 10pt;\">-Gesch\u00e4ftsstelle<\/span><br \/><span style=\"font-family: arial, helvetica, sans-serif; font-size: 10pt;\">-Naturschutzwart<\/span><br \/><span style=\"font-family: arial, helvetica, sans-serif; font-size: 10pt;\">-Projekte<\/span><\/p>\n<\/td>\n<\/tr>\n<tr>\n<td style=\"width: 300px;\">\n<h3 style=\"font-size: 16px; color: #0068b4; max-height: 108px; display: block; width: 317px;\"><span style=\"font-family: arial, helvetica, sans-serif;\"><span style=\"text-decoration: underline;\"><span style=\"color: #0068b4;\"><b><span style=\"font-weight: bold;\">Stellv. Vorsitzender<\/span><\/b><\/span><\/span><\/span><\/h3>\n<p><span style=\"font-family: arial, helvetica, sans-serif; color: #000000;\"><b>Herr Gerhard H\u00f6fflin<br \/><\/b><span style=\"font-size: 14px; font-family: arial, helvetica, sans-serif;\">Tel.: 0152 040 21 7 21<br \/>Mail:<a href=\"https:\/\/nabu-kaiserstuhl.de\/index.php\/naju\/\">G.Hoefflin(at)Nabu-Kaisertuhl.de<\/a><\/span><\/span><\/p>\n<\/td>\n<td style=\"width: 355px;\">\n<p><span style=\"font-family: arial, helvetica, sans-serif; font-size: 10pt;\"><\/span><\/p>\n<p><span style=\"font-family: arial, helvetica, sans-serif; font-size: 10pt;\">-Naturschutzwart<\/span><br \/><span style=\"font-family: arial, helvetica, sans-serif; font-size: 10pt;\">-sonstige Mitarbeit<\/span><\/p>\n<\/td>\n<\/tr>\n<tr>\n<td style=\"width: 300px;\">&nbsp;<\/p>\n<h3 style=\"font-size: 16px; color: #0068b4; max-height: 108px; display: block; width: 317px;\"><span style=\"font-family: arial, helvetica, sans-serif;\"><span style=\"text-decoration: underline;\"><span style=\"color: #0068b4;\"><b><span style=\"font-weight: bold;\">Schriftf\u00fchrer<\/span><\/b><\/span><\/span><\/span><\/h3>\n<p><span style=\"font-family: arial, helvetica, sans-serif;\"><span style=\"color: #000000;\"><strong>Herr Wolfram L\u00fchr<\/strong><span style=\"text-decoration: underline;\"><b><span style=\"font-weight: bold;\"><br \/><\/span><\/b><\/span><span style=\"font-size: 14px;\">Mail:<a href=\"index.php?option=com_contact&amp;view=contact&amp;id=13&amp;catid=4\">W.Luehr(at)NABU-Kaiserstuhl.de<\/a><\/span><\/span><\/span><\/p>\n<\/td>\n<td style=\"width: 355px;\">\n<p><span style=\"font-family: arial, helvetica, sans-serif; font-size: 10pt;\"><\/span><\/p>\n<p><span style=\"font-family: arial, helvetica, sans-serif; font-size: 10pt;\">-sonstige Mitarbeit<\/span><br \/><span style=\"font-family: arial, helvetica, sans-serif; font-size: 10pt;\">-Pressearbeit<\/span><\/p>\n<\/td>\n<\/tr>\n<tr>\n<td style=\"width: 300px;\">\n<h3 style=\"font-size: 16px; color: #0068b4; max-height: 108px; display: block; width: 317px;\"><span style=\"font-family: arial, helvetica, sans-serif;\"><span style=\"text-decoration: underline;\"><span style=\"color: #0068b4;\"><b><span style=\"font-weight: bold;\">Schatzmeisterin<\/span><\/b><\/span><\/span><\/span><\/h3>\n<p><strong><span style=\"font-family: arial, helvetica, sans-serif;\">Frau Kornelia Noth-Fe\u00dfler<\/span><\/strong><br \/><span style=\"font-family: arial, helvetica, sans-serif;\">Mail:<a href=\"https:\/\/nabu-kaiserstuhl.de\/index.php\/datenschutz\/\">K.Noth-Fessler(at)NABU-Kaiserstuhl.de<\/a><\/span><\/p>\n<\/td>\n<td style=\"width: 355px;\">\n<p><span style=\"font-family: arial, helvetica, sans-serif; font-size: 10pt;\"><\/span><\/p>\n<p><span style=\"font-family: arial, helvetica, sans-serif; font-size: 10pt;\">-Finanzen <\/span><br \/><span style=\"font-family: arial, helvetica, sans-serif; font-size: 10pt;\">-sonstige Mitarbeit<\/span><\/p>\n<\/td>\n<\/tr>\n<tr>\n<td style=\"width: 300px;\">&nbsp;<\/td>\n<td style=\"width: 355px;\">&nbsp;<\/td>\n<\/tr>\n<tr>\n<td style=\"width: 300px;\">\n<h3 style=\"font-size: 16px; color: #0068b4; max-height: 108px; display: block; width: 317px;\"><span style=\"font-family: arial, helvetica, sans-serif;\"><span style=\"text-decoration: underline;\"><span style=\"color: #0068b4;\"><b><span style=\"font-weight: bold;\">1.Beisitzerin<\/span><\/b><\/span><\/span><\/span><\/h3>\n<p><span style=\"font-family: arial, helvetica, sans-serif;\"><span style=\"color: #000000;\"><strong>Frau Barbara Mutke<\/strong><span style=\"text-decoration: underline;\"><b><span style=\"font-weight: bold;\"><br \/><\/span><\/b><\/span><span style=\"font-size: 14px;\">Mail:<a href=\"https:\/\/nabu-kaiserstuhl.de\/index.php\/impressum\/\">B.Mutke(at)Nabu-Kaisertuhl.de<\/a><\/span><\/span><\/span><\/p>\n<p>&nbsp;<\/td>\n<td style=\"width: 355px;\"><span style=\"color: #000000; font-size: 10pt; font-family: arial, helvetica, sans-serif;\">-Pressearbeit<br \/><\/span><span style=\"font-family: arial, helvetica, sans-serif; font-size: 10pt;\">-schwalbenfreundliches Haus<\/span><br \/><span style=\"color: #000000; font-size: 10pt; font-family: arial, helvetica, sans-serif;\">-sonstige Mitarbeit&nbsp;<\/span><\/td>\n<\/tr>\n<tr>\n<td style=\"width: 300px;\">&nbsp;<\/td>\n<td style=\"width: 355px;\">&nbsp;<\/td>\n<\/tr>\n<\/tbody>\n<\/table>\n","protected":false},"excerpt":{"rendered":"<p>&nbsp;Das Vorstandsteam v. l. Barbara Mutke, Wolfram L\u00fchr, Andreas Galli,Kornelia Noth-Fessler, Gerhard H\u00f6fflin. 1. Vorsitzender Herr Andreas GalliTel.: 07662 82 06Mail:A.Galli(at)Nabu-Kaiserstuhl.de -Gesch\u00e4ftsstelle-Naturschutzwart-Projekte Stellv. Vorsitzender Herr Gerhard H\u00f6fflinTel.: 0152 040 21&hellip;&nbsp;<a href=\"https:\/\/nabu-kaiserstuhl.de\/index.php\/wir-ueber-uns\/\" rel=\"bookmark\">Weiterlesen&#8230;<span class=\"screen-reader-text\">Wir \u00fcber uns<\/span><\/a><\/p>\n","protected":false},"author":2,"featured_media":549,"comment_status":"open","ping_status":"open","sticky":false,"template":"","format":"standard","meta":{"neve_meta_sidebar":"","neve_meta_container":"","neve_meta_enable_content_width":"","neve_meta_content_width":0,"neve_meta_title_alignment":"","neve_meta_author_avatar":"","neve_post_elements_order":"","neve_meta_disable_header":"","neve_meta_disable_footer":"","neve_meta_disable_title":"","neve_meta_reading_time":"","_themeisle_gutenberg_block_has_review":false,"footnotes":""},"categories":[62],"tags":[],"class_list":["post-550","post","type-post","status-publish","format-standard","has-post-thumbnail","hentry","category-hp"],"publishpress_future_action":{"enabled":false,"date":"2026-05-07 16:23:15","action":"change-status","newStatus":"draft","terms":[],"taxonomy":"category","extraData":[]},"publishpress_future_workflow_manual_trigger":{"enabledWorkflows":[]},"_links":{"self":[{"href":"https:\/\/nabu-kaiserstuhl.de\/index.php\/wp-json\/wp\/v2\/posts\/550","targetHints":{"allow":["GET"]}}],"collection":[{"href":"https:\/\/nabu-kaiserstuhl.de\/index.php\/wp-json\/wp\/v2\/posts"}],"about":[{"href":"https:\/\/nabu-kaiserstuhl.de\/index.php\/wp-json\/wp\/v2\/types\/post"}],"author":[{"embeddable":true,"href":"https:\/\/nabu-kaiserstuhl.de\/index.php\/wp-json\/wp\/v2\/users\/2"}],"replies":[{"embeddable":true,"href":"https:\/\/nabu-kaiserstuhl.de\/index.php\/wp-json\/wp\/v2\/comments?post=550"}],"version-history":[{"count":0,"href":"https:\/\/nabu-kaiserstuhl.de\/index.php\/wp-json\/wp\/v2\/posts\/550\/revisions"}],"wp:featuredmedia":[{"embeddable":true,"href":"https:\/\/nabu-kaiserstuhl.de\/index.php\/wp-json\/wp\/v2\/media\/549"}],"wp:attachment":[{"href":"https:\/\/nabu-kaiserstuhl.de\/index.php\/wp-json\/wp\/v2\/media?parent=550"}],"wp:term":[{"taxonomy":"category","embeddable":true,"href":"https:\/\/nabu-kaiserstuhl.de\/index.php\/wp-json\/wp\/v2\/categories?post=550"},{"taxonomy":"post_tag","embeddable":true,"href":"https:\/\/nabu-kaiserstuhl.de\/index.php\/wp-json\/wp\/v2\/tags?post=550"}],"curies":[{"name":"wp","href":"https:\/\/api.w.org\/{rel}","templated":true}]}}