{"id":4186,"date":"2025-09-08T11:30:21","date_gmt":"2025-09-08T09:30:21","guid":{"rendered":"https:\/\/nabu-kaiserstuhl.de\/?p=4186"},"modified":"2025-09-27T11:41:54","modified_gmt":"2025-09-27T09:41:54","slug":"presse-eichstettens-grosse-uhu-show","status":"publish","type":"post","link":"https:\/\/nabu-kaiserstuhl.de\/index.php\/presse-eichstettens-grosse-uhu-show\/","title":{"rendered":"Presse: Eichstettens gro\u00dfe Uhu-Show"},"content":{"rendered":"\n<figure class=\"wp-block-image size-full\"><img data-opt-id=700190411  fetchpriority=\"high\" decoding=\"async\" width=\"984\" height=\"741\" src=\"https:\/\/mlm4qj7rb3bu.i.optimole.com\/w:auto\/h:auto\/q:80\/f:best\/https:\/\/nabu-kaiserstuhl.de\/wp-content\/uploads\/2025\/09\/NABU-Bericht-Uhu-Manuel-DER-SONNTAG.jpg\" alt=\"\" class=\"wp-image-4187\" srcset=\"https:\/\/mlm4qj7rb3bu.i.optimole.com\/w:984\/h:741\/q:80\/f:best\/https:\/\/nabu-kaiserstuhl.de\/wp-content\/uploads\/2025\/09\/NABU-Bericht-Uhu-Manuel-DER-SONNTAG.jpg 984w, https:\/\/mlm4qj7rb3bu.i.optimole.com\/w:300\/h:226\/q:80\/f:best\/https:\/\/nabu-kaiserstuhl.de\/wp-content\/uploads\/2025\/09\/NABU-Bericht-Uhu-Manuel-DER-SONNTAG.jpg 300w, https:\/\/mlm4qj7rb3bu.i.optimole.com\/w:768\/h:578\/q:80\/f:best\/https:\/\/nabu-kaiserstuhl.de\/wp-content\/uploads\/2025\/09\/NABU-Bericht-Uhu-Manuel-DER-SONNTAG.jpg 768w, https:\/\/mlm4qj7rb3bu.i.optimole.com\/w:984\/h:741\/q:80\/f:best\/dpr:2\/https:\/\/nabu-kaiserstuhl.de\/wp-content\/uploads\/2025\/09\/NABU-Bericht-Uhu-Manuel-DER-SONNTAG.jpg 2x\" sizes=\"(max-width: 984px) 100vw, 984px\" \/><figcaption class=\"wp-element-caption\">(c) Der Sonntag, Augabe 07.09.2025<\/figcaption><\/figure>\n\n\n\n<hr class=\"wp-block-separator has-alpha-channel-opacity\"\/>\n\n\n\n<div data-wp-interactive=\"core\/file\" class=\"wp-block-file\"><object data-wp-bind--hidden=\"!state.hasPdfPreview\" hidden class=\"wp-block-file__embed\" data=\"https:\/\/nabu-kaiserstuhl.de\/wp-content\/uploads\/2025\/09\/2025-08-29-Eichstettens-grosse-Uhu-Show-Voegel-brueten-mitten-im-Ort-und-haben-immer-mehr-Fans-Badische-Zeitung.pdf\" type=\"application\/pdf\" style=\"width:100%;height:600px\" aria-label=\"Einbettung von 2025-08-29 Eichstettens gro\u00dfe Uhu-Show - V\u00f6gel br\u00fcten mitten im Ort und haben immer mehr Fans - Badische Zeitung.\"><\/object><a id=\"wp-block-file--media-adbbcfa9-617f-4174-866e-ac48e9b131ae\" href=\"https:\/\/nabu-kaiserstuhl.de\/wp-content\/uploads\/2025\/09\/2025-08-29-Eichstettens-grosse-Uhu-Show-Voegel-brueten-mitten-im-Ort-und-haben-immer-mehr-Fans-Badische-Zeitung.pdf\">2025-08-29 Eichstettens gro\u00dfe Uhu-Show &#8211; V\u00f6gel br\u00fcten mitten im Ort und haben immer mehr Fans &#8211; Badische Zeitung<\/a><a href=\"https:\/\/nabu-kaiserstuhl.de\/wp-content\/uploads\/2025\/09\/2025-08-29-Eichstettens-grosse-Uhu-Show-Voegel-brueten-mitten-im-Ort-und-haben-immer-mehr-Fans-Badische-Zeitung.pdf\" class=\"wp-block-file__button wp-element-button\" download aria-describedby=\"wp-block-file--media-adbbcfa9-617f-4174-866e-ac48e9b131ae\">Herunterladen<\/a><\/div>\n\n\n\n<p>(c) Badische Zeitung, 29.08.2025<\/p>\n\n\n\n<hr class=\"wp-block-separator has-alpha-channel-opacity\"\/>\n\n\n\n<figure class=\"wp-block-image size-full\"><img data-opt-id=835562005  fetchpriority=\"high\" decoding=\"async\" width=\"439\" height=\"595\" src=\"https:\/\/mlm4qj7rb3bu.i.optimole.com\/w:auto\/h:auto\/q:80\/f:best\/https:\/\/nabu-kaiserstuhl.de\/wp-content\/uploads\/2025\/09\/NABU-Bericht-UHU-KW.jpg\" alt=\"\" class=\"wp-image-4188\" srcset=\"https:\/\/mlm4qj7rb3bu.i.optimole.com\/w:439\/h:595\/q:80\/f:best\/https:\/\/nabu-kaiserstuhl.de\/wp-content\/uploads\/2025\/09\/NABU-Bericht-UHU-KW.jpg 439w, https:\/\/mlm4qj7rb3bu.i.optimole.com\/w:221\/h:300\/q:80\/f:best\/https:\/\/nabu-kaiserstuhl.de\/wp-content\/uploads\/2025\/09\/NABU-Bericht-UHU-KW.jpg 221w, https:\/\/mlm4qj7rb3bu.i.optimole.com\/w:439\/h:595\/q:80\/f:best\/dpr:2\/https:\/\/nabu-kaiserstuhl.de\/wp-content\/uploads\/2025\/09\/NABU-Bericht-UHU-KW.jpg 2x\" sizes=\"(max-width: 439px) 100vw, 439px\" \/><figcaption class=\"wp-element-caption\">(c) Kaiserst\u00fchler Wochenbericht, Ausgabe 05.09.2025<\/figcaption><\/figure>\n\n\n\n<p><\/p>\n","protected":false},"excerpt":{"rendered":"<p>(c) Badische Zeitung, 29.08.2025<\/p>\n","protected":false},"author":4,"featured_media":4192,"comment_status":"open","ping_status":"open","sticky":false,"template":"","format":"standard","meta":{"neve_meta_sidebar":"","neve_meta_container":"","neve_meta_enable_content_width":"","neve_meta_content_width":0,"neve_meta_title_alignment":"","neve_meta_author_avatar":"","neve_post_elements_order":"","neve_meta_disable_header":"","neve_meta_disable_footer":"","neve_meta_disable_title":"","neve_meta_reading_time":"","_themeisle_gutenberg_block_has_review":false,"footnotes":""},"categories":[20,151,60,3,158],"tags":[152,146,138,145,161],"class_list":["post-4186","post","type-post","status-publish","format-standard","has-post-thumbnail","hentry","category-aktuell","category-aktuell-2025","category-bilder-berichte","category-presse","category-presse2025","tag-152","tag-bz","tag-eichstetten","tag-presse","tag-uhu"],"publishpress_future_action":{"enabled":false,"date":"2026-05-09 11:41:08","action":"change-status","newStatus":"draft","terms":[],"taxonomy":"category","extraData":[]},"publishpress_future_workflow_manual_trigger":{"enabledWorkflows":[]},"_links":{"self":[{"href":"https:\/\/nabu-kaiserstuhl.de\/index.php\/wp-json\/wp\/v2\/posts\/4186","targetHints":{"allow":["GET"]}}],"collection":[{"href":"https:\/\/nabu-kaiserstuhl.de\/index.php\/wp-json\/wp\/v2\/posts"}],"about":[{"href":"https:\/\/nabu-kaiserstuhl.de\/index.php\/wp-json\/wp\/v2\/types\/post"}],"author":[{"embeddable":true,"href":"https:\/\/nabu-kaiserstuhl.de\/index.php\/wp-json\/wp\/v2\/users\/4"}],"replies":[{"embeddable":true,"href":"https:\/\/nabu-kaiserstuhl.de\/index.php\/wp-json\/wp\/v2\/comments?post=4186"}],"version-history":[{"count":1,"href":"https:\/\/nabu-kaiserstuhl.de\/index.php\/wp-json\/wp\/v2\/posts\/4186\/revisions"}],"predecessor-version":[{"id":4190,"href":"https:\/\/nabu-kaiserstuhl.de\/index.php\/wp-json\/wp\/v2\/posts\/4186\/revisions\/4190"}],"wp:featuredmedia":[{"embeddable":true,"href":"https:\/\/nabu-kaiserstuhl.de\/index.php\/wp-json\/wp\/v2\/media\/4192"}],"wp:attachment":[{"href":"https:\/\/nabu-kaiserstuhl.de\/index.php\/wp-json\/wp\/v2\/media?parent=4186"}],"wp:term":[{"taxonomy":"category","embeddable":true,"href":"https:\/\/nabu-kaiserstuhl.de\/index.php\/wp-json\/wp\/v2\/categories?post=4186"},{"taxonomy":"post_tag","embeddable":true,"href":"https:\/\/nabu-kaiserstuhl.de\/index.php\/wp-json\/wp\/v2\/tags?post=4186"}],"curies":[{"name":"wp","href":"https:\/\/api.w.org\/{rel}","templated":true}]}}