{"id":3443,"date":"2024-08-23T16:03:05","date_gmt":"2024-08-23T14:03:05","guid":{"rendered":"https:\/\/nabu-kaiserstuhl.de\/?p=3443"},"modified":"2024-08-23T16:05:48","modified_gmt":"2024-08-23T14:05:48","slug":"bz-kleine-hotspots-der-biodiversitaet-am-kaiserstuhl","status":"publish","type":"post","link":"https:\/\/nabu-kaiserstuhl.de\/index.php\/bz-kleine-hotspots-der-biodiversitaet-am-kaiserstuhl\/","title":{"rendered":"BZ: Kleine Hotspots der Biodiversit\u00e4t"},"content":{"rendered":"\n<h2 class=\"wp-block-heading alignwide has-text-align-center\"><mark style=\"background-color:rgba(0, 0, 0, 0)\" class=\"has-inline-color has-neve-link-color-color\">22. August 2024: Einfach machen! Aktive des Naturschutzbundes Nabu schaffen derzeit am Kaiserstuhl Fl\u00e4chen, die auf vielf\u00e4ltige Art und Weise <br>Lebensraum f\u00fcr viele Pflanzen- und Tierarten sind.<br>\t\t\t\t<br>\t\t\t<\/mark><\/h2>\n\n\n<div class=\"wp-block-image\">\n<figure class=\"aligncenter size-full\"><img data-opt-id=99940360  fetchpriority=\"high\" decoding=\"async\" width=\"560\" height=\"71\" src=\"https:\/\/mlm4qj7rb3bu.i.optimole.com\/w:auto\/h:auto\/q:80\/f:best\/https:\/\/nabu-kaiserstuhl.de\/wp-content\/uploads\/2022\/11\/Badische_Zeitung.webp\" alt=\"\" class=\"wp-image-1309\" srcset=\"https:\/\/mlm4qj7rb3bu.i.optimole.com\/w:560\/h:71\/q:80\/f:best\/https:\/\/nabu-kaiserstuhl.de\/wp-content\/uploads\/2022\/11\/Badische_Zeitung.webp 560w, https:\/\/mlm4qj7rb3bu.i.optimole.com\/w:300\/h:38\/q:80\/f:best\/https:\/\/nabu-kaiserstuhl.de\/wp-content\/uploads\/2022\/11\/Badische_Zeitung.webp 300w, https:\/\/mlm4qj7rb3bu.i.optimole.com\/w:560\/h:71\/q:80\/f:best\/dpr:2\/https:\/\/nabu-kaiserstuhl.de\/wp-content\/uploads\/2022\/11\/Badische_Zeitung.webp 2x\" sizes=\"(max-width: 560px) 100vw, 560px\" \/><figcaption class=\"wp-element-caption\">Von <a href=\"https:\/\/www.badische-zeitung.de\/reinhold-john\">Reinhold John<\/a><br><a href=\"https:\/\/www.badische-zeitung.de\/archiv\/2024\/08\/22\" target=\"_blank\" rel=\"noreferrer noopener\">Mi, 22. August 2024<\/a><br><a href=\"https:\/\/www.badische-zeitung.de\/eichstetten\" target=\"_blank\" rel=\"noreferrer noopener\">Eichstetten<\/a><\/figcaption><\/figure>\n<\/div>\n\n\n<figure class=\"wp-block-image size-large\"><img data-opt-id=1811047477  fetchpriority=\"high\" decoding=\"async\" width=\"1024\" height=\"603\" src=\"https:\/\/mlm4qj7rb3bu.i.optimole.com\/w:1024\/h:603\/q:80\/f:best\/https:\/\/nabu-kaiserstuhl.de\/wp-content\/uploads\/2024\/08\/BZ-240822_fw-riegel_biodiversitaet.jpg\" alt=\"\" class=\"wp-image-3444\" srcset=\"https:\/\/mlm4qj7rb3bu.i.optimole.com\/w:1024\/h:603\/q:80\/f:best\/https:\/\/nabu-kaiserstuhl.de\/wp-content\/uploads\/2024\/08\/BZ-240822_fw-riegel_biodiversitaet-scaled.jpg 1024w, https:\/\/mlm4qj7rb3bu.i.optimole.com\/w:300\/h:177\/q:80\/f:best\/https:\/\/nabu-kaiserstuhl.de\/wp-content\/uploads\/2024\/08\/BZ-240822_fw-riegel_biodiversitaet-scaled.jpg 300w, https:\/\/mlm4qj7rb3bu.i.optimole.com\/w:768\/h:452\/q:80\/f:best\/https:\/\/nabu-kaiserstuhl.de\/wp-content\/uploads\/2024\/08\/BZ-240822_fw-riegel_biodiversitaet-scaled.jpg 768w, https:\/\/mlm4qj7rb3bu.i.optimole.com\/w:1536\/h:904\/q:80\/f:best\/https:\/\/nabu-kaiserstuhl.de\/wp-content\/uploads\/2024\/08\/BZ-240822_fw-riegel_biodiversitaet-scaled.jpg 1536w, https:\/\/mlm4qj7rb3bu.i.optimole.com\/w:1834\/h:1080\/q:80\/f:best\/https:\/\/nabu-kaiserstuhl.de\/wp-content\/uploads\/2024\/08\/BZ-240822_fw-riegel_biodiversitaet-scaled.jpg 2048w, https:\/\/mlm4qj7rb3bu.i.optimole.com\/w:1834\/h:1080\/q:80\/f:best\/dpr:2\/https:\/\/nabu-kaiserstuhl.de\/wp-content\/uploads\/2024\/08\/BZ-240822_fw-riegel_biodiversitaet-scaled.jpg 2x\" sizes=\"(max-width: 1024px) 100vw, 1024px\" \/><\/figure>\n","protected":false},"excerpt":{"rendered":"<p>In Eichstetten ist Roland Wieber aus Riegel zusammen mit dem Naturschutzbund Kaiserstuhl \u2013 kurz Nabu \u2013 dabei, das Umfeld des H\u00e4uschens des Verbands am Ortsausgang Richtung &#8230; <\/p>\n","protected":false},"author":4,"featured_media":3445,"comment_status":"closed","ping_status":"closed","sticky":false,"template":"","format":"standard","meta":{"neve_meta_sidebar":"","neve_meta_container":"","neve_meta_enable_content_width":"","neve_meta_content_width":0,"neve_meta_title_alignment":"","neve_meta_author_avatar":"","neve_post_elements_order":"","neve_meta_disable_header":"","neve_meta_disable_footer":"","neve_meta_disable_title":"","neve_meta_reading_time":"","_themeisle_gutenberg_block_has_review":false,"footnotes":""},"categories":[3,114],"tags":[128,146,139,145],"class_list":["post-3443","post","type-post","status-publish","format-standard","has-post-thumbnail","hentry","category-presse","category-presse-2024","tag-128","tag-bz","tag-orchideen","tag-presse"],"publishpress_future_action":{"enabled":false,"date":"2026-05-10 19:00:17","action":"change-status","newStatus":"draft","terms":[],"taxonomy":"category","extraData":[]},"publishpress_future_workflow_manual_trigger":{"enabledWorkflows":[]},"_links":{"self":[{"href":"https:\/\/nabu-kaiserstuhl.de\/index.php\/wp-json\/wp\/v2\/posts\/3443","targetHints":{"allow":["GET"]}}],"collection":[{"href":"https:\/\/nabu-kaiserstuhl.de\/index.php\/wp-json\/wp\/v2\/posts"}],"about":[{"href":"https:\/\/nabu-kaiserstuhl.de\/index.php\/wp-json\/wp\/v2\/types\/post"}],"author":[{"embeddable":true,"href":"https:\/\/nabu-kaiserstuhl.de\/index.php\/wp-json\/wp\/v2\/users\/4"}],"replies":[{"embeddable":true,"href":"https:\/\/nabu-kaiserstuhl.de\/index.php\/wp-json\/wp\/v2\/comments?post=3443"}],"version-history":[{"count":2,"href":"https:\/\/nabu-kaiserstuhl.de\/index.php\/wp-json\/wp\/v2\/posts\/3443\/revisions"}],"predecessor-version":[{"id":3447,"href":"https:\/\/nabu-kaiserstuhl.de\/index.php\/wp-json\/wp\/v2\/posts\/3443\/revisions\/3447"}],"wp:featuredmedia":[{"embeddable":true,"href":"https:\/\/nabu-kaiserstuhl.de\/index.php\/wp-json\/wp\/v2\/media\/3445"}],"wp:attachment":[{"href":"https:\/\/nabu-kaiserstuhl.de\/index.php\/wp-json\/wp\/v2\/media?parent=3443"}],"wp:term":[{"taxonomy":"category","embeddable":true,"href":"https:\/\/nabu-kaiserstuhl.de\/index.php\/wp-json\/wp\/v2\/categories?post=3443"},{"taxonomy":"post_tag","embeddable":true,"href":"https:\/\/nabu-kaiserstuhl.de\/index.php\/wp-json\/wp\/v2\/tags?post=3443"}],"curies":[{"name":"wp","href":"https:\/\/api.w.org\/{rel}","templated":true}]}}