{"id":3408,"date":"2024-07-27T20:12:49","date_gmt":"2024-07-27T18:12:49","guid":{"rendered":"https:\/\/nabu-kaiserstuhl.de\/?p=3408"},"modified":"2025-02-28T12:26:40","modified_gmt":"2025-02-28T11:26:40","slug":"nachhaltigkeit-vermitteln","status":"publish","type":"post","link":"https:\/\/nabu-kaiserstuhl.de\/index.php\/nachhaltigkeit-vermitteln\/","title":{"rendered":"Umweltbildung auf der Streuobstwiese"},"content":{"rendered":"\n<p><strong>Umweltbildung hautnah: Studierende der Uni Freiburg und NABU Kaiserstuhl organisieren Veranstaltungen f\u00fcr Sch\u00fcler*innen<\/strong><\/p>\n\n\n\n<p>Im Juli 2024 fand auf der Streuobstwiese des NABU Kaiserstuhl eine besondere Umweltbildungsveranstaltung statt, die durch die Kooperation zwischen der Universit\u00e4t Freiburg und dem NABU Kaiserstuhl erm\u00f6glicht wurde. Im Rahmen des Unikurses \u201eWalp\u00e4dagogik\u201c organisierten Studierende der Uni Freiburg als Teil ihrer Abschlusspr\u00fcfung eine praxisorientierte Veranstaltung f\u00fcr Sch\u00fclerinnen und Sch\u00fcler der Max-Weber-Schule aus Freiburg.<\/p>\n\n\n\n<p>Das zentrale Thema der Veranstaltung war Nachhaltigkeit und deren Dimensionen. Die zwei Klassen arbeiteten in insgesamt vier Gruppen, um sich intensiv mit dem Thema auseinanderzusetzen. Ziel war es, den Sch\u00fcler*innen nicht nur theoretisches Wissen \u00fcber Nachhaltigkeit zu vermitteln, sondern sie auch dazu zu bringen, ihr eigenes Handeln zu reflektieren und den \u00f6kologischen Wert von Streuobstwiesen hautnah zu erleben.<\/p>\n\n\n\n<h3 class=\"wp-block-heading\">Nachhaltigkeit in der Natur entdecken<\/h3>\n\n\n\n<p>Die Veranstaltung hatte einen klaren Fokus auf praxisorientiertes Lernen. Die Sch\u00fcler*innen sollten zun\u00e4chst den \u00f6kologischen Wert einer Streuobstwiese kennenlernen. In Gruppen aufgeteilt, machten sie sich auf den Weg, die Natur zu erleben und die Vielfalt dieser wichtigen Lebensr\u00e4ume zu entdecken. Dabei wurde ihnen der direkte Bezug zur Nachhaltigkeit und der Bedeutung von biologischer Vielfalt vermittelt.<\/p>\n\n\n\n<h3 class=\"wp-block-heading\">Reflexion des eigenen Handelns<\/h3>\n\n\n\n<p>Neben der Entdeckung der Streuobstwiese und ihres \u00f6kologischen Werts lag ein weiterer Schwerpunkt der Veranstaltung auf der Reflexion des eigenen Handelns der Sch\u00fcler*innen. Sie wurden dazu angeregt, dar\u00fcber nachzudenken, wie ihre allt\u00e4glichen Entscheidungen \u2013 sei es in Bezug auf Konsum, Mobilit\u00e4t oder Abfall \u2013 einen Einfluss auf die Umwelt haben. Auf spielerische und interaktive Weise wurde den Sch\u00fclerinnen verdeutlicht, dass jeder Einzelne durch sein Verhalten einen Beitrag zu einer nachhaltigeren Zukunft leisten kann.<\/p>\n\n\n\n<h3 class=\"wp-block-heading\">Zusammenarbeit von Universit\u00e4t und NABU<\/h3>\n\n\n\n<p>Die Veranstaltung war ein gelungenes Beispiel f\u00fcr die Zusammenarbeit zwischen der Universit\u00e4t Freiburg und dem NABU Kaiserstuhl, die es den Studierenden erm\u00f6glichte, ihr theoretisches Wissen aus dem Unikurs \u201eWalp\u00e4dagogik\u201c in die Praxis umzusetzen. F\u00fcr die Studierenden stellte es eine wertvolle Gelegenheit dar, sich intensiv mit der Umweltbildung auseinanderzusetzen und ihre eigenen p\u00e4dagogischen F\u00e4higkeiten zu erproben. Gleichzeitig bot die Veranstaltung den Sch\u00fcler*innen der Max-Weber-Schule einen lehrreichen Tag in der Natur und regte sie dazu an, ihre Perspektive auf Nachhaltigkeit zu erweitern und ihr eigenes Handeln zu reflektieren.<\/p>\n\n\n\n<h3 class=\"wp-block-heading\">Fazit: Nachhaltigkeit erleben und reflektieren<\/h3>\n\n\n\n<p>Die Veranstaltung auf der Streuobstwiese war ein voller Erfolg. Sie zeigte, wie wichtig es ist, Umweltthemen auf eine praktische und erlebenswerte Weise zu vermitteln. Die Sch\u00fcler*innen konnten nicht nur ihr Wissen erweitern, sondern auch ihre Einstellung zur Umwelt hinterfragen und konkrete Ideen f\u00fcr nachhaltiges Handeln entwickeln. Ein solches Projekt st\u00e4rkt das Bewusstsein f\u00fcr den Umweltschutz und vermittelt den jungen Teilnehmer*innen, dass Nachhaltigkeit nicht nur ein theoretisches Konzept, sondern eine aktive Praxis ist.<\/p>\n\n\n\n<p>Dank der engagierten Arbeit der Studierenden der Universit\u00e4t Freiburg und der Unterst\u00fctzung des NABU Kaiserstuhl konnte den Sch\u00fcler*innen ein ganzheitliches Erlebnis geboten werden, das sicherlich einen bleibenden Eindruck hinterlassen wird. F\u00fcr weitere Informationen und Eindr\u00fccke von der Veranstaltung lesen Sie den Pressebericht am Ende der Seite und sehen Sie sich die Bilder an, die die Sch\u00fcler*innen bei ihren Aktivit\u00e4ten sowie die engagierten Studierenden in Aktion zeigen.<\/p>\n\n\n\n<hr class=\"wp-block-separator has-alpha-channel-opacity\"\/>\n\n\n\n<h2 class=\"wp-block-heading\"><mark style=\"background-color:rgba(0, 0, 0, 0)\" class=\"has-inline-color has-neve-link-color-color\">Impressionen des Tages in Bildern<\/mark><\/h2>\n\n\n\n<figure class=\"wp-block-gallery has-nested-images columns-default is-cropped wp-block-gallery-1 is-layout-flex wp-block-gallery-is-layout-flex\">\n<figure class=\"wp-block-image size-large\"><img data-opt-id=1984462295  fetchpriority=\"high\" decoding=\"async\" width=\"768\" height=\"1024\" data-id=\"3417\" src=\"https:\/\/mlm4qj7rb3bu.i.optimole.com\/w:768\/h:1024\/q:80\/f:best\/https:\/\/nabu-kaiserstuhl.de\/wp-content\/uploads\/2024\/07\/photo_2024-08-01_20-23-45.jpg\" alt=\"\" class=\"wp-image-3417\" srcset=\"https:\/\/mlm4qj7rb3bu.i.optimole.com\/w:768\/h:1024\/q:80\/f:best\/https:\/\/nabu-kaiserstuhl.de\/wp-content\/uploads\/2024\/07\/photo_2024-08-01_20-23-45.jpg 768w, https:\/\/mlm4qj7rb3bu.i.optimole.com\/w:225\/h:300\/q:80\/f:best\/https:\/\/nabu-kaiserstuhl.de\/wp-content\/uploads\/2024\/07\/photo_2024-08-01_20-23-45.jpg 225w, https:\/\/mlm4qj7rb3bu.i.optimole.com\/w:810\/h:1080\/q:80\/f:best\/https:\/\/nabu-kaiserstuhl.de\/wp-content\/uploads\/2024\/07\/photo_2024-08-01_20-23-45.jpg 960w, https:\/\/mlm4qj7rb3bu.i.optimole.com\/w:810\/h:1080\/q:80\/f:best\/dpr:2\/https:\/\/nabu-kaiserstuhl.de\/wp-content\/uploads\/2024\/07\/photo_2024-08-01_20-23-45.jpg 2x\" sizes=\"(max-width: 768px) 100vw, 768px\" \/><figcaption class=\"wp-element-caption\">Gruppe 1 bespricht in Kleingruppen je eine der drei S\u00e4ulen der Nachhaltigkeit<\/figcaption><\/figure>\n\n\n\n<figure class=\"wp-block-image size-large\"><img data-opt-id=1619356626  fetchpriority=\"high\" decoding=\"async\" width=\"1024\" height=\"768\" data-id=\"3419\" src=\"https:\/\/mlm4qj7rb3bu.i.optimole.com\/w:1024\/h:768\/q:80\/f:best\/https:\/\/nabu-kaiserstuhl.de\/wp-content\/uploads\/2024\/07\/photo_2024-08-01_20-23-47.jpg\" alt=\"\" class=\"wp-image-3419\" srcset=\"https:\/\/mlm4qj7rb3bu.i.optimole.com\/w:1024\/h:768\/q:80\/f:best\/https:\/\/nabu-kaiserstuhl.de\/wp-content\/uploads\/2024\/07\/photo_2024-08-01_20-23-47.jpg 1024w, https:\/\/mlm4qj7rb3bu.i.optimole.com\/w:300\/h:225\/q:80\/f:best\/https:\/\/nabu-kaiserstuhl.de\/wp-content\/uploads\/2024\/07\/photo_2024-08-01_20-23-47.jpg 300w, https:\/\/mlm4qj7rb3bu.i.optimole.com\/w:768\/h:576\/q:80\/f:best\/https:\/\/nabu-kaiserstuhl.de\/wp-content\/uploads\/2024\/07\/photo_2024-08-01_20-23-47.jpg 768w, https:\/\/mlm4qj7rb3bu.i.optimole.com\/w:1280\/h:960\/q:80\/f:best\/https:\/\/nabu-kaiserstuhl.de\/wp-content\/uploads\/2024\/07\/photo_2024-08-01_20-23-47.jpg 1280w, https:\/\/mlm4qj7rb3bu.i.optimole.com\/w:1280\/h:960\/q:80\/f:best\/dpr:2\/https:\/\/nabu-kaiserstuhl.de\/wp-content\/uploads\/2024\/07\/photo_2024-08-01_20-23-47.jpg 2x\" sizes=\"(max-width: 1024px) 100vw, 1024px\" \/><figcaption class=\"wp-element-caption\">Gruppe 1 bei der Nachbesprechung zu den drei S\u00e4ulen der Nachhaltigkeit<\/figcaption><\/figure>\n\n\n\n<figure class=\"wp-block-image size-large\"><img data-opt-id=1925371508  fetchpriority=\"high\" decoding=\"async\" width=\"1024\" height=\"768\" data-id=\"3418\" src=\"https:\/\/mlm4qj7rb3bu.i.optimole.com\/w:1024\/h:768\/q:80\/f:best\/https:\/\/nabu-kaiserstuhl.de\/wp-content\/uploads\/2024\/07\/photo_2024-08-01_20-23-46.jpg\" alt=\"\" class=\"wp-image-3418\" srcset=\"https:\/\/mlm4qj7rb3bu.i.optimole.com\/w:1024\/h:768\/q:80\/f:best\/https:\/\/nabu-kaiserstuhl.de\/wp-content\/uploads\/2024\/07\/photo_2024-08-01_20-23-46.jpg 1024w, https:\/\/mlm4qj7rb3bu.i.optimole.com\/w:300\/h:225\/q:80\/f:best\/https:\/\/nabu-kaiserstuhl.de\/wp-content\/uploads\/2024\/07\/photo_2024-08-01_20-23-46.jpg 300w, https:\/\/mlm4qj7rb3bu.i.optimole.com\/w:768\/h:576\/q:80\/f:best\/https:\/\/nabu-kaiserstuhl.de\/wp-content\/uploads\/2024\/07\/photo_2024-08-01_20-23-46.jpg 768w, https:\/\/mlm4qj7rb3bu.i.optimole.com\/w:1280\/h:960\/q:80\/f:best\/https:\/\/nabu-kaiserstuhl.de\/wp-content\/uploads\/2024\/07\/photo_2024-08-01_20-23-46.jpg 1280w, https:\/\/mlm4qj7rb3bu.i.optimole.com\/w:1280\/h:960\/q:80\/f:best\/dpr:2\/https:\/\/nabu-kaiserstuhl.de\/wp-content\/uploads\/2024\/07\/photo_2024-08-01_20-23-46.jpg 2x\" sizes=\"(max-width: 1024px) 100vw, 1024px\" \/><figcaption class=\"wp-element-caption\">Gruppe 2 spricht in einer Kleingruppe \u00fcber \u00f6kologische Landwirtschaft<\/figcaption><\/figure>\n\n\n\n<figure class=\"wp-block-image size-large\"><img data-opt-id=115270573  data-opt-src=\"https:\/\/mlm4qj7rb3bu.i.optimole.com\/w:768\/h:1024\/q:80\/f:best\/https:\/\/nabu-kaiserstuhl.de\/wp-content\/uploads\/2024\/07\/photo_2024-08-01_20-23-44.jpg\"  loading=\"lazy\" decoding=\"async\" width=\"768\" height=\"1024\" data-id=\"3416\" src=\"data:image/svg+xml,%3Csvg%20viewBox%3D%220%200%20768%201024%22%20width%3D%22768%22%20height%3D%221024%22%20xmlns%3D%22http%3A%2F%2Fwww.w3.org%2F2000%2Fsvg%22%3E%3Crect%20width%3D%22768%22%20height%3D%221024%22%20fill%3D%22transparent%22%2F%3E%3C%2Fsvg%3E\" alt=\"\" class=\"wp-image-3416\" old-srcset=\"https:\/\/mlm4qj7rb3bu.i.optimole.com\/w:768\/h:1024\/q:80\/f:best\/https:\/\/nabu-kaiserstuhl.de\/wp-content\/uploads\/2024\/07\/photo_2024-08-01_20-23-44.jpg 768w, https:\/\/mlm4qj7rb3bu.i.optimole.com\/w:225\/h:300\/q:80\/f:best\/https:\/\/nabu-kaiserstuhl.de\/wp-content\/uploads\/2024\/07\/photo_2024-08-01_20-23-44.jpg 225w, https:\/\/mlm4qj7rb3bu.i.optimole.com\/w:810\/h:1080\/q:80\/f:best\/https:\/\/nabu-kaiserstuhl.de\/wp-content\/uploads\/2024\/07\/photo_2024-08-01_20-23-44.jpg 960w, https:\/\/mlm4qj7rb3bu.i.optimole.com\/w:810\/h:1080\/q:80\/f:best\/dpr:2\/https:\/\/nabu-kaiserstuhl.de\/wp-content\/uploads\/2024\/07\/photo_2024-08-01_20-23-44.jpg 2x\" \/><figcaption class=\"wp-element-caption\">Gruppe 3 nutzt die Pause f\u00fcr Kuchen essen und gegenseitiges Kennenlernen<\/figcaption><\/figure>\n\n\n\n<figure class=\"wp-block-image size-large\"><img data-opt-id=668869774  data-opt-src=\"https:\/\/mlm4qj7rb3bu.i.optimole.com\/w:1024\/h:768\/q:80\/f:best\/https:\/\/nabu-kaiserstuhl.de\/wp-content\/uploads\/2024\/07\/photo_2024-08-01_20-23-42.jpg\"  loading=\"lazy\" decoding=\"async\" width=\"1024\" height=\"768\" data-id=\"3415\" src=\"data:image/svg+xml,%3Csvg%20viewBox%3D%220%200%201024%20768%22%20width%3D%221024%22%20height%3D%22768%22%20xmlns%3D%22http%3A%2F%2Fwww.w3.org%2F2000%2Fsvg%22%3E%3Crect%20width%3D%221024%22%20height%3D%22768%22%20fill%3D%22transparent%22%2F%3E%3C%2Fsvg%3E\" alt=\"\" class=\"wp-image-3415\" old-srcset=\"https:\/\/mlm4qj7rb3bu.i.optimole.com\/w:1024\/h:768\/q:80\/f:best\/https:\/\/nabu-kaiserstuhl.de\/wp-content\/uploads\/2024\/07\/photo_2024-08-01_20-23-42.jpg 1024w, https:\/\/mlm4qj7rb3bu.i.optimole.com\/w:300\/h:225\/q:80\/f:best\/https:\/\/nabu-kaiserstuhl.de\/wp-content\/uploads\/2024\/07\/photo_2024-08-01_20-23-42.jpg 300w, https:\/\/mlm4qj7rb3bu.i.optimole.com\/w:768\/h:576\/q:80\/f:best\/https:\/\/nabu-kaiserstuhl.de\/wp-content\/uploads\/2024\/07\/photo_2024-08-01_20-23-42.jpg 768w, https:\/\/mlm4qj7rb3bu.i.optimole.com\/w:1280\/h:960\/q:80\/f:best\/https:\/\/nabu-kaiserstuhl.de\/wp-content\/uploads\/2024\/07\/photo_2024-08-01_20-23-42.jpg 1280w, https:\/\/mlm4qj7rb3bu.i.optimole.com\/w:1280\/h:960\/q:80\/f:best\/dpr:2\/https:\/\/nabu-kaiserstuhl.de\/wp-content\/uploads\/2024\/07\/photo_2024-08-01_20-23-42.jpg 2x\" \/><figcaption class=\"wp-element-caption\">Gruppe 3 arbeitet mit erlebnisp\u00e4dagogischen Elementen <\/figcaption><\/figure>\n\n\n\n<figure class=\"wp-block-image size-large\"><img data-opt-id=825979333  data-opt-src=\"https:\/\/mlm4qj7rb3bu.i.optimole.com\/w:1024\/h:768\/q:80\/f:best\/https:\/\/nabu-kaiserstuhl.de\/wp-content\/uploads\/2024\/07\/photo_2024-08-01_20-23-39.jpg\"  loading=\"lazy\" decoding=\"async\" width=\"1024\" height=\"768\" data-id=\"3413\" src=\"data:image/svg+xml,%3Csvg%20viewBox%3D%220%200%201024%20768%22%20width%3D%221024%22%20height%3D%22768%22%20xmlns%3D%22http%3A%2F%2Fwww.w3.org%2F2000%2Fsvg%22%3E%3Crect%20width%3D%221024%22%20height%3D%22768%22%20fill%3D%22transparent%22%2F%3E%3C%2Fsvg%3E\" alt=\"\" class=\"wp-image-3413\" old-srcset=\"https:\/\/mlm4qj7rb3bu.i.optimole.com\/w:1024\/h:768\/q:80\/f:best\/https:\/\/nabu-kaiserstuhl.de\/wp-content\/uploads\/2024\/07\/photo_2024-08-01_20-23-39.jpg 1024w, https:\/\/mlm4qj7rb3bu.i.optimole.com\/w:300\/h:225\/q:80\/f:best\/https:\/\/nabu-kaiserstuhl.de\/wp-content\/uploads\/2024\/07\/photo_2024-08-01_20-23-39.jpg 300w, https:\/\/mlm4qj7rb3bu.i.optimole.com\/w:768\/h:576\/q:80\/f:best\/https:\/\/nabu-kaiserstuhl.de\/wp-content\/uploads\/2024\/07\/photo_2024-08-01_20-23-39.jpg 768w, https:\/\/mlm4qj7rb3bu.i.optimole.com\/w:1280\/h:960\/q:80\/f:best\/https:\/\/nabu-kaiserstuhl.de\/wp-content\/uploads\/2024\/07\/photo_2024-08-01_20-23-39.jpg 1280w, https:\/\/mlm4qj7rb3bu.i.optimole.com\/w:1280\/h:960\/q:80\/f:best\/dpr:2\/https:\/\/nabu-kaiserstuhl.de\/wp-content\/uploads\/2024\/07\/photo_2024-08-01_20-23-39.jpg 2x\" \/><figcaption class=\"wp-element-caption\">Gruppe 4 baut nach einer Vogelexkursion Nistk\u00e4sten, welche die Sch\u00fcler*innen zum Aufh\u00e4ngen zu ihrer Schule mitnehmen<\/figcaption><\/figure>\n\n\n\n<figure class=\"wp-block-image size-large\"><img data-opt-id=207068725  data-opt-src=\"https:\/\/mlm4qj7rb3bu.i.optimole.com\/w:1024\/h:768\/q:80\/f:best\/https:\/\/nabu-kaiserstuhl.de\/wp-content\/uploads\/2024\/07\/photo_2024-08-01_20-23-41.jpg\"  loading=\"lazy\" decoding=\"async\" width=\"1024\" height=\"768\" data-id=\"3414\" src=\"data:image/svg+xml,%3Csvg%20viewBox%3D%220%200%201024%20768%22%20width%3D%221024%22%20height%3D%22768%22%20xmlns%3D%22http%3A%2F%2Fwww.w3.org%2F2000%2Fsvg%22%3E%3Crect%20width%3D%221024%22%20height%3D%22768%22%20fill%3D%22transparent%22%2F%3E%3C%2Fsvg%3E\" alt=\"\" class=\"wp-image-3414\" old-srcset=\"https:\/\/mlm4qj7rb3bu.i.optimole.com\/w:1024\/h:768\/q:80\/f:best\/https:\/\/nabu-kaiserstuhl.de\/wp-content\/uploads\/2024\/07\/photo_2024-08-01_20-23-41.jpg 1024w, https:\/\/mlm4qj7rb3bu.i.optimole.com\/w:300\/h:225\/q:80\/f:best\/https:\/\/nabu-kaiserstuhl.de\/wp-content\/uploads\/2024\/07\/photo_2024-08-01_20-23-41.jpg 300w, https:\/\/mlm4qj7rb3bu.i.optimole.com\/w:768\/h:576\/q:80\/f:best\/https:\/\/nabu-kaiserstuhl.de\/wp-content\/uploads\/2024\/07\/photo_2024-08-01_20-23-41.jpg 768w, https:\/\/mlm4qj7rb3bu.i.optimole.com\/w:1280\/h:960\/q:80\/f:best\/https:\/\/nabu-kaiserstuhl.de\/wp-content\/uploads\/2024\/07\/photo_2024-08-01_20-23-41.jpg 1280w, https:\/\/mlm4qj7rb3bu.i.optimole.com\/w:1280\/h:960\/q:80\/f:best\/dpr:2\/https:\/\/nabu-kaiserstuhl.de\/wp-content\/uploads\/2024\/07\/photo_2024-08-01_20-23-41.jpg 2x\" \/><figcaption class=\"wp-element-caption\">Eine Kleingruppe der Gruppe 4 erarbeitet ein Poster zu sozialer Nachhaltigkeit und reflektiert \u00fcber den eigenen Alltag<\/figcaption><\/figure>\n\n\n\n<figure class=\"wp-block-image size-large\"><img data-opt-id=809372952  data-opt-src=\"https:\/\/mlm4qj7rb3bu.i.optimole.com\/w:768\/h:1024\/q:80\/f:best\/https:\/\/nabu-kaiserstuhl.de\/wp-content\/uploads\/2024\/07\/photo_2024-07-23_11-14-16.jpg\"  loading=\"lazy\" decoding=\"async\" width=\"768\" height=\"1024\" data-id=\"3391\" src=\"data:image/svg+xml,%3Csvg%20viewBox%3D%220%200%20768%201024%22%20width%3D%22768%22%20height%3D%221024%22%20xmlns%3D%22http%3A%2F%2Fwww.w3.org%2F2000%2Fsvg%22%3E%3Crect%20width%3D%22768%22%20height%3D%221024%22%20fill%3D%22transparent%22%2F%3E%3C%2Fsvg%3E\" alt=\"\" class=\"wp-image-3391\" old-srcset=\"https:\/\/mlm4qj7rb3bu.i.optimole.com\/w:768\/h:1024\/q:80\/f:best\/https:\/\/nabu-kaiserstuhl.de\/wp-content\/uploads\/2024\/07\/photo_2024-07-23_11-14-16.jpg 768w, https:\/\/mlm4qj7rb3bu.i.optimole.com\/w:225\/h:300\/q:80\/f:best\/https:\/\/nabu-kaiserstuhl.de\/wp-content\/uploads\/2024\/07\/photo_2024-07-23_11-14-16.jpg 225w, https:\/\/mlm4qj7rb3bu.i.optimole.com\/w:810\/h:1080\/q:80\/f:best\/https:\/\/nabu-kaiserstuhl.de\/wp-content\/uploads\/2024\/07\/photo_2024-07-23_11-14-16.jpg 960w, https:\/\/mlm4qj7rb3bu.i.optimole.com\/w:810\/h:1080\/q:80\/f:best\/dpr:2\/https:\/\/nabu-kaiserstuhl.de\/wp-content\/uploads\/2024\/07\/photo_2024-07-23_11-14-16.jpg 2x\" \/><figcaption class=\"wp-element-caption\">Fabia Sp\u00f6rckmann (links au\u00dfen) mit ihren Studierenden<\/figcaption><\/figure>\n<\/figure>\n\n\n\n<hr class=\"wp-block-separator has-alpha-channel-opacity\"\/>\n\n\n\n<p>Pressebericht:<\/p>\n\n\n\n<h2 class=\"wp-block-heading has-text-align-center\">KWB: Nachhaltigkeit vermitteln<\/h2>\n\n\n\n<h2 class=\"wp-block-heading has-text-align-center\"><mark style=\"background-color:rgba(0, 0, 0, 0)\" class=\"has-inline-color has-neve-link-color-color\">26.07.2024: Veranstaltung auf der NABU-Streuobstwiese Etlisbachtal<\/mark><\/h2>\n\n\n\n<figure class=\"wp-block-image size-full\"><img data-opt-id=1204975457  data-opt-src=\"https:\/\/mlm4qj7rb3bu.i.optimole.com\/w:auto\/h:auto\/q:80\/f:best\/https:\/\/nabu-kaiserstuhl.de\/wp-content\/uploads\/2024\/08\/KaiserstuehlerWochenbericht.png\"  loading=\"lazy\" decoding=\"async\" width=\"768\" height=\"166\" src=\"data:image/svg+xml,%3Csvg%20viewBox%3D%220%200%20100%%20100%%22%20width%3D%22100%%22%20height%3D%22100%%22%20xmlns%3D%22http%3A%2F%2Fwww.w3.org%2F2000%2Fsvg%22%3E%3Crect%20width%3D%22100%%22%20height%3D%22100%%22%20fill%3D%22transparent%22%2F%3E%3C%2Fsvg%3E\" alt=\"\" class=\"wp-image-3411\" old-srcset=\"https:\/\/mlm4qj7rb3bu.i.optimole.com\/w:768\/h:166\/q:80\/f:best\/https:\/\/nabu-kaiserstuhl.de\/wp-content\/uploads\/2024\/08\/KaiserstuehlerWochenbericht.png 768w, https:\/\/mlm4qj7rb3bu.i.optimole.com\/w:300\/h:65\/q:80\/f:best\/https:\/\/nabu-kaiserstuhl.de\/wp-content\/uploads\/2024\/08\/KaiserstuehlerWochenbericht.png 300w, https:\/\/mlm4qj7rb3bu.i.optimole.com\/w:768\/h:166\/q:80\/f:best\/dpr:2\/https:\/\/nabu-kaiserstuhl.de\/wp-content\/uploads\/2024\/08\/KaiserstuehlerWochenbericht.png 2x\" \/><\/figure>\n\n\n\n<figure class=\"wp-block-image size-large\"><img data-opt-id=1168478035  data-opt-src=\"https:\/\/mlm4qj7rb3bu.i.optimole.com\/w:1024\/h:306\/q:80\/f:best\/https:\/\/nabu-kaiserstuhl.de\/wp-content\/uploads\/2024\/07\/KWB-240726.jpg\"  loading=\"lazy\" decoding=\"async\" width=\"1024\" height=\"306\" src=\"data:image/svg+xml,%3Csvg%20viewBox%3D%220%200%201024%20306%22%20width%3D%221024%22%20height%3D%22306%22%20xmlns%3D%22http%3A%2F%2Fwww.w3.org%2F2000%2Fsvg%22%3E%3Crect%20width%3D%221024%22%20height%3D%22306%22%20fill%3D%22transparent%22%2F%3E%3C%2Fsvg%3E\" alt=\"\" class=\"wp-image-3435\" old-srcset=\"https:\/\/mlm4qj7rb3bu.i.optimole.com\/w:1024\/h:306\/q:80\/f:best\/https:\/\/nabu-kaiserstuhl.de\/wp-content\/uploads\/2024\/07\/KWB-240726.jpg 1024w, https:\/\/mlm4qj7rb3bu.i.optimole.com\/w:300\/h:90\/q:80\/f:best\/https:\/\/nabu-kaiserstuhl.de\/wp-content\/uploads\/2024\/07\/KWB-240726.jpg 300w, https:\/\/mlm4qj7rb3bu.i.optimole.com\/w:768\/h:230\/q:80\/f:best\/https:\/\/nabu-kaiserstuhl.de\/wp-content\/uploads\/2024\/07\/KWB-240726.jpg 768w, https:\/\/mlm4qj7rb3bu.i.optimole.com\/w:1432\/h:428\/q:80\/f:best\/https:\/\/nabu-kaiserstuhl.de\/wp-content\/uploads\/2024\/07\/KWB-240726.jpg 1432w, https:\/\/mlm4qj7rb3bu.i.optimole.com\/w:1432\/h:428\/q:80\/f:best\/dpr:2\/https:\/\/nabu-kaiserstuhl.de\/wp-content\/uploads\/2024\/07\/KWB-240726.jpg 2x\" \/><\/figure>\n\n\n\n<p><\/p>\n","protected":false},"excerpt":{"rendered":"<p>B\u00f6tzingen (dht). Eine gro\u00dfe Umweltbildungsveranstaltung fand dieser Tage auf der NABU Streuobstwiese im Etlisbachtal statt. Organisatorin war unter anderem Fabia Sp\u00f6rckmann aus Eichstetten, Sprecherin des NABU Kaiserstuhl.<\/p>\n","protected":false},"author":4,"featured_media":3419,"comment_status":"open","ping_status":"open","sticky":false,"template":"","format":"standard","meta":{"neve_meta_sidebar":"","neve_meta_container":"","neve_meta_enable_content_width":"","neve_meta_content_width":0,"neve_meta_title_alignment":"","neve_meta_author_avatar":"","neve_post_elements_order":"","neve_meta_disable_header":"","neve_meta_disable_footer":"","neve_meta_disable_title":"","neve_meta_reading_time":"","_themeisle_gutenberg_block_has_review":false,"footnotes":""},"categories":[60,3,114,49],"tags":[],"class_list":["post-3408","post","type-post","status-publish","format-standard","has-post-thumbnail","hentry","category-bilder-berichte","category-presse","category-presse-2024","category-streuobstwiese"],"publishpress_future_action":{"enabled":false,"date":"2026-05-07 19:29:41","action":"change-status","newStatus":"draft","terms":[],"taxonomy":"category","extraData":[]},"publishpress_future_workflow_manual_trigger":{"enabledWorkflows":[]},"_links":{"self":[{"href":"https:\/\/nabu-kaiserstuhl.de\/index.php\/wp-json\/wp\/v2\/posts\/3408","targetHints":{"allow":["GET"]}}],"collection":[{"href":"https:\/\/nabu-kaiserstuhl.de\/index.php\/wp-json\/wp\/v2\/posts"}],"about":[{"href":"https:\/\/nabu-kaiserstuhl.de\/index.php\/wp-json\/wp\/v2\/types\/post"}],"author":[{"embeddable":true,"href":"https:\/\/nabu-kaiserstuhl.de\/index.php\/wp-json\/wp\/v2\/users\/4"}],"replies":[{"embeddable":true,"href":"https:\/\/nabu-kaiserstuhl.de\/index.php\/wp-json\/wp\/v2\/comments?post=3408"}],"version-history":[{"count":5,"href":"https:\/\/nabu-kaiserstuhl.de\/index.php\/wp-json\/wp\/v2\/posts\/3408\/revisions"}],"predecessor-version":[{"id":3632,"href":"https:\/\/nabu-kaiserstuhl.de\/index.php\/wp-json\/wp\/v2\/posts\/3408\/revisions\/3632"}],"wp:featuredmedia":[{"embeddable":true,"href":"https:\/\/nabu-kaiserstuhl.de\/index.php\/wp-json\/wp\/v2\/media\/3419"}],"wp:attachment":[{"href":"https:\/\/nabu-kaiserstuhl.de\/index.php\/wp-json\/wp\/v2\/media?parent=3408"}],"wp:term":[{"taxonomy":"category","embeddable":true,"href":"https:\/\/nabu-kaiserstuhl.de\/index.php\/wp-json\/wp\/v2\/categories?post=3408"},{"taxonomy":"post_tag","embeddable":true,"href":"https:\/\/nabu-kaiserstuhl.de\/index.php\/wp-json\/wp\/v2\/tags?post=3408"}],"curies":[{"name":"wp","href":"https:\/\/api.w.org\/{rel}","templated":true}]}}