{"id":2222,"date":"2022-12-23T19:03:00","date_gmt":"2022-12-23T18:03:00","guid":{"rendered":"https:\/\/nabu-kaiserstuhl.de\/?p=2222"},"modified":"2023-05-07T19:05:25","modified_gmt":"2023-05-07T17:05:25","slug":"23-dezember-2023-kwb-weiden-schneiden-und-boeschung-pflegen","status":"publish","type":"post","link":"https:\/\/nabu-kaiserstuhl.de\/index.php\/23-dezember-2023-kwb-weiden-schneiden-und-boeschung-pflegen\/","title":{"rendered":"23. Dezember 2022 KWB Weiden schneiden und B\u00f6schung pflegen"},"content":{"rendered":"<div class=\"wp-block-image\">\n<figure class=\"aligncenter size-full is-resized\"><img data-opt-id=1514497077  fetchpriority=\"high\" decoding=\"async\" src=\"https:\/\/mlm4qj7rb3bu.i.optimole.com\/w:auto\/h:auto\/q:80\/f:best\/https:\/\/nabu-kaiserstuhl.de\/wp-content\/uploads\/2023\/05\/20221223_KWB_Weiden_schneiden_Boeschung_pflegen.webp\" alt=\"\" class=\"wp-image-2223\" width=\"400\" height=\"270\" srcset=\"https:\/\/mlm4qj7rb3bu.i.optimole.com\/w:800\/h:540\/q:80\/f:best\/https:\/\/nabu-kaiserstuhl.de\/wp-content\/uploads\/2023\/05\/20221223_KWB_Weiden_schneiden_Boeschung_pflegen.webp 800w, https:\/\/mlm4qj7rb3bu.i.optimole.com\/w:300\/h:203\/q:80\/f:best\/https:\/\/nabu-kaiserstuhl.de\/wp-content\/uploads\/2023\/05\/20221223_KWB_Weiden_schneiden_Boeschung_pflegen.webp 300w, https:\/\/mlm4qj7rb3bu.i.optimole.com\/w:768\/h:518\/q:80\/f:best\/https:\/\/nabu-kaiserstuhl.de\/wp-content\/uploads\/2023\/05\/20221223_KWB_Weiden_schneiden_Boeschung_pflegen.webp 768w, https:\/\/mlm4qj7rb3bu.i.optimole.com\/w:800\/h:540\/q:80\/f:best\/dpr:2\/https:\/\/nabu-kaiserstuhl.de\/wp-content\/uploads\/2023\/05\/20221223_KWB_Weiden_schneiden_Boeschung_pflegen.webp 2x\" sizes=\"(max-width: 400px) 100vw, 400px\" \/><\/figure>\n<\/div>\n\n\n<p><br>B\u00f6tzingen (dht). F\u00fcnf winterfeste Naturschutzbund-Kaiserstuhl-Helfer trafen sich k\u00fcrzlich zum letztenArbeiteinsatz diesesJahres auf der Nabu-Streuobstwiese. Bei frostigen Temperaturen wurden die Kopfweiden zur\u00fcckgeschnitten und zum Teil die B\u00f6schungen gepflegt. Die Weiden k\u00f6nnen zur weiteren Verwendung nach R\u00fccksprache mit dem Nabu-Kaiserstuhl abgeholt werden. Die Weidenzweige eignen sich zum Beispiel zur Gartengestaltung oder f\u00fcr sonstige Bastelarbeiten. Zum Abschluss gab es ein Feuer zum Aufw\u00e4rmen und Gegrilltes gegen den Hunger. Foto: Horst David<\/p>\n","protected":false},"excerpt":{"rendered":"<p>B\u00f6tzingen (dht). F\u00fcnf winterfeste Naturschutzbund-Kaiserstuhl-Helfer trafen sich k\u00fcrzlich zum letztenArbeiteinsatz diesesJahres auf der Nabu-Streuobstwiese. Bei frostigen Temperaturen wurden die Kopfweiden zur\u00fcckgeschnitten und zum Teil die B\u00f6schungen gepflegt. Die Weiden k\u00f6nnen&hellip;&nbsp;<a href=\"https:\/\/nabu-kaiserstuhl.de\/index.php\/23-dezember-2023-kwb-weiden-schneiden-und-boeschung-pflegen\/\" rel=\"bookmark\">Weiterlesen&#8230;<span class=\"screen-reader-text\">23. Dezember 2022 KWB Weiden schneiden und B\u00f6schung pflegen<\/span><\/a><\/p>\n","protected":false},"author":2,"featured_media":2223,"comment_status":"open","ping_status":"open","sticky":false,"template":"","format":"standard","meta":{"neve_meta_sidebar":"","neve_meta_container":"","neve_meta_enable_content_width":"","neve_meta_content_width":0,"neve_meta_title_alignment":"","neve_meta_author_avatar":"","neve_post_elements_order":"","neve_meta_disable_header":"","neve_meta_disable_footer":"","neve_meta_disable_title":"","neve_meta_reading_time":"","_themeisle_gutenberg_block_has_review":false,"footnotes":""},"categories":[4],"tags":[],"class_list":["post-2222","post","type-post","status-publish","format-standard","has-post-thumbnail","hentry","category-presse-2022"],"publishpress_future_action":{"enabled":false,"date":"2026-05-07 07:33:15","action":"change-status","newStatus":"draft","terms":[],"taxonomy":"category","extraData":[]},"publishpress_future_workflow_manual_trigger":{"enabledWorkflows":[]},"_links":{"self":[{"href":"https:\/\/nabu-kaiserstuhl.de\/index.php\/wp-json\/wp\/v2\/posts\/2222","targetHints":{"allow":["GET"]}}],"collection":[{"href":"https:\/\/nabu-kaiserstuhl.de\/index.php\/wp-json\/wp\/v2\/posts"}],"about":[{"href":"https:\/\/nabu-kaiserstuhl.de\/index.php\/wp-json\/wp\/v2\/types\/post"}],"author":[{"embeddable":true,"href":"https:\/\/nabu-kaiserstuhl.de\/index.php\/wp-json\/wp\/v2\/users\/2"}],"replies":[{"embeddable":true,"href":"https:\/\/nabu-kaiserstuhl.de\/index.php\/wp-json\/wp\/v2\/comments?post=2222"}],"version-history":[{"count":2,"href":"https:\/\/nabu-kaiserstuhl.de\/index.php\/wp-json\/wp\/v2\/posts\/2222\/revisions"}],"predecessor-version":[{"id":2225,"href":"https:\/\/nabu-kaiserstuhl.de\/index.php\/wp-json\/wp\/v2\/posts\/2222\/revisions\/2225"}],"wp:featuredmedia":[{"embeddable":true,"href":"https:\/\/nabu-kaiserstuhl.de\/index.php\/wp-json\/wp\/v2\/media\/2223"}],"wp:attachment":[{"href":"https:\/\/nabu-kaiserstuhl.de\/index.php\/wp-json\/wp\/v2\/media?parent=2222"}],"wp:term":[{"taxonomy":"category","embeddable":true,"href":"https:\/\/nabu-kaiserstuhl.de\/index.php\/wp-json\/wp\/v2\/categories?post=2222"},{"taxonomy":"post_tag","embeddable":true,"href":"https:\/\/nabu-kaiserstuhl.de\/index.php\/wp-json\/wp\/v2\/tags?post=2222"}],"curies":[{"name":"wp","href":"https:\/\/api.w.org\/{rel}","templated":true}]}}