{"id":1634,"date":"2022-11-18T18:02:00","date_gmt":"2022-11-18T17:02:00","guid":{"rendered":"https:\/\/nabu-kaiserstuhl.de\/?p=1634"},"modified":"2022-11-21T18:10:10","modified_gmt":"2022-11-21T17:10:10","slug":"18-november-2022-kwb-pferde-und-schwalben-in-eintracht","status":"publish","type":"post","link":"https:\/\/nabu-kaiserstuhl.de\/index.php\/18-november-2022-kwb-pferde-und-schwalben-in-eintracht\/","title":{"rendered":"18. November 2022 KWB Pferde und Schwalben in Eintracht"},"content":{"rendered":"\t\t<div data-elementor-type=\"wp-post\" data-elementor-id=\"1634\" class=\"elementor elementor-1634\">\n\t\t\t\t\t\t<section class=\"elementor-section elementor-top-section elementor-element elementor-element-920ce3e elementor-section-boxed elementor-section-height-default elementor-section-height-default\" data-id=\"920ce3e\" data-element_type=\"section\" data-e-type=\"section\">\n\t\t\t\t\t\t<div class=\"elementor-container elementor-column-gap-default\">\n\t\t\t\t\t<div class=\"elementor-column elementor-col-100 elementor-top-column elementor-element elementor-element-f6a3684\" data-id=\"f6a3684\" data-element_type=\"column\" data-e-type=\"column\">\n\t\t\t<div class=\"elementor-widget-wrap elementor-element-populated\">\n\t\t\t\t\t\t<div class=\"elementor-element elementor-element-2b63f99 elementor-widget elementor-widget-image\" data-id=\"2b63f99\" data-element_type=\"widget\" data-e-type=\"widget\" data-widget_type=\"image.default\">\n\t\t\t\t<div class=\"elementor-widget-container\">\n\t\t\t\t\t\t\t\t\t\t\t\t<figure class=\"wp-caption\">\n\t\t\t\t\t\t\t\t\t\t\t<a href=\"https:\/\/mlm4qj7rb3bu.i.optimole.com\/w:auto\/h:auto\/q:80\/f:best\/https:\/\/nabu-kaiserstuhl.de\/Datenbank\/Bilder\/20221024_SfH_Bahlingen.webp\" data-elementor-open-lightbox=\"yes\" data-e-action-hash=\"#elementor-action%3Aaction%3Dlightbox%26settings%3DW10%3D\">\n\t\t\t\t\t\t\t<img data-opt-id=1611045278  fetchpriority=\"high\" decoding=\"async\" src=\"https:\/\/mlm4qj7rb3bu.i.optimole.com\/w:auto\/h:auto\/q:80\/f:best\/https:\/\/nabu-kaiserstuhl.de\/Datenbank\/Bilder\/20221024_SfH_Bahlingen.webp\" title=\"\" alt=\"\" loading=\"lazy\" \/>\t\t\t\t\t\t\t\t<\/a>\n\t\t\t\t\t\t\t\t\t\t\t<figcaption class=\"widget-image-caption wp-caption-text\">Die Verleihung von Plakette und Urkunde wurde in Anwesenheit von zwei Pferden eine sehr lustige Zeremonie. Foto: NABU<\/figcaption>\n\t\t\t\t\t\t\t\t\t\t<\/figure>\n\t\t\t\t\t\t\t\t\t<\/div>\n\t\t\t\t<\/div>\n\t\t\t\t\t<\/div>\n\t\t<\/div>\n\t\t\t\t\t<\/div>\n\t\t<\/section>\n\t\t\t\t<section class=\"elementor-section elementor-top-section elementor-element elementor-element-ec4112a elementor-section-boxed elementor-section-height-default elementor-section-height-default\" data-id=\"ec4112a\" data-element_type=\"section\" data-e-type=\"section\">\n\t\t\t\t\t\t<div class=\"elementor-container elementor-column-gap-default\">\n\t\t\t\t\t<div class=\"elementor-column elementor-col-100 elementor-top-column elementor-element elementor-element-9202741\" data-id=\"9202741\" data-element_type=\"column\" data-e-type=\"column\">\n\t\t\t<div class=\"elementor-widget-wrap elementor-element-populated\">\n\t\t\t\t\t\t<div class=\"elementor-element elementor-element-2a34528 elementor-widget elementor-widget-text-editor\" data-id=\"2a34528\" data-element_type=\"widget\" data-e-type=\"widget\" data-widget_type=\"text-editor.default\">\n\t\t\t\t<div class=\"elementor-widget-container\">\n\t\t\t\t\t\t\t\t\t<p style=\"box-sizing: border-box; margin: 0px 0px 30px; padding: 0px; color: #272626; font-family: 'Source Sans Pro', Arial, Helvetica, sans-serif; font-size: 14px; font-style: normal; font-variant-ligatures: normal; font-variant-caps: normal; font-weight: 400; letter-spacing: normal; orphans: 2; text-align: start; text-indent: 0px; text-transform: none; white-space: normal; widows: 2; word-spacing: 0px; -webkit-text-stroke-width: 0px; text-decoration-thickness: initial; text-decoration-style: initial; text-decoration-color: initial;\">Stall und Scheune der Familie Adler am Bahlinger Silberberg beherbergen zur Brutzeit verschiedenste Vogelarten. Allein 12 Nester von Rauchschwalben konnten gez\u00e4hlt werden.<\/p><p style=\"box-sizing: border-box; margin: 0px 0px 30px; padding: 0px; color: #272626; font-family: 'Source Sans Pro', Arial, Helvetica, sans-serif; font-size: 14px; font-style: normal; font-variant-ligatures: normal; font-variant-caps: normal; font-weight: 400; letter-spacing: normal; orphans: 2; text-align: start; text-indent: 0px; text-transform: none; white-space: normal; widows: 2; word-spacing: 0px; -webkit-text-stroke-width: 0px; text-decoration-thickness: initial; text-decoration-style: initial; text-decoration-color: initial;\">F\u00fcr dieses Engagement im Artenschutz \u00fcberreichte der NABU (Naturschutzbund) Ortsgruppe Kaiserstuhl eine Urkunde und die Plakette \u201eSchwalbenfreundliches Haus\u201c.<\/p><p style=\"box-sizing: border-box; margin: 0px 0px 30px; padding: 0px; color: #272626; font-family: 'Source Sans Pro', Arial, Helvetica, sans-serif; font-size: 14px; font-style: normal; font-variant-ligatures: normal; font-variant-caps: normal; font-weight: 400; letter-spacing: normal; orphans: 2; text-align: start; text-indent: 0px; text-transform: none; white-space: normal; widows: 2; word-spacing: 0px; -webkit-text-stroke-width: 0px; text-decoration-thickness: initial; text-decoration-style: initial; text-decoration-color: initial;\">Die Pferde von Nadine Walz stehen bei Familie Adler im Stall und sind in friedlicher Koexistenz allj\u00e4hrlich von Rauchschwalben umgeben, die in 12 Nestern seit vielen Jahren dort br\u00fcten. F\u00fcr ihre Pferde sei das gut, findet Frau Walz und initiierte die Bewerbung zum \u201eSchwalbenfreundlichen Haus\u201c.<\/p><p style=\"box-sizing: border-box; margin: 0px 0px 30px; padding: 0px; color: #272626; font-family: 'Source Sans Pro', Arial, Helvetica, sans-serif; font-size: 14px; font-style: normal; font-variant-ligatures: normal; font-variant-caps: normal; font-weight: 400; letter-spacing: normal; orphans: 2; text-align: start; text-indent: 0px; text-transform: none; white-space: normal; widows: 2; word-spacing: 0px; -webkit-text-stroke-width: 0px; text-decoration-thickness: initial; text-decoration-style: initial; text-decoration-color: initial;\">In der Umgebung des Hofes finden die Schwalben viele Insekten sowie Baumaterial f\u00fcr ihre Nester. Im Stall halten sie die Fliegen, die die Pferde anziehen, in Schach. Alle Nester sind aus Lehm von den Schwalben m\u00fchselig gebaut und werden bei ihrer R\u00fcckkehr im Fr\u00fchjahr ausgebessert. In hei\u00dfen trockenen Sommern stellt ihnen Frau Adler daf\u00fcr eine Wanne mit Lehm und frischem Wasser hin.<\/p><p style=\"box-sizing: border-box; margin: 0px 0px 30px; padding: 0px; color: #272626; font-family: 'Source Sans Pro', Arial, Helvetica, sans-serif; font-size: 14px; font-style: normal; font-variant-ligatures: normal; font-variant-caps: normal; font-weight: 400; letter-spacing: normal; orphans: 2; text-align: start; text-indent: 0px; text-transform: none; white-space: normal; widows: 2; word-spacing: 0px; -webkit-text-stroke-width: 0px; text-decoration-thickness: initial; text-decoration-style: initial; text-decoration-color: initial;\">Wenn die jungen Rauchschwalben fl\u00fcgge sind, geht es um Haus und Hof und im Stall sehr lebhaft zu. In diesem Sommer gab es sogar 3 Bruten bei den Schwalben, und die letzten Jungen haben ihren Flug in ihr \u00dcberwinterungsgebiet in Afrika recht sp\u00e4t gestartet.<\/p><p style=\"box-sizing: border-box; margin: 0px 0px 30px; padding: 0px; color: #272626; font-family: 'Source Sans Pro', Arial, Helvetica, sans-serif; font-size: 14px; font-style: normal; font-variant-ligatures: normal; font-variant-caps: normal; font-weight: 400; letter-spacing: normal; orphans: 2; text-align: start; text-indent: 0px; text-transform: none; white-space: normal; widows: 2; word-spacing: 0px; -webkit-text-stroke-width: 0px; text-decoration-thickness: initial; text-decoration-style: initial; text-decoration-color: initial;\">Rauchschwalben nisten bevorzugt auf dem Land, in St\u00e4llen, Scheunen und ganz fr\u00fcher auch in Schornsteinen und Rauchf\u00e4ngen \u2013 daher ihr Name. Heutzutage sind viele dieser Geb\u00e4ude f\u00fcr die V\u00f6gel verschlossen, steril gehalten oder als moderne Viehst\u00e4lle mit Offenhaltung so gebaut, dass sie f\u00fcr die Schwalben zu zugig sind.<\/p><p style=\"box-sizing: border-box; margin: 0px 0px 30px; padding: 0px; color: #272626; font-family: 'Source Sans Pro', Arial, Helvetica, sans-serif; font-size: 14px; font-style: normal; font-variant-ligatures: normal; font-variant-caps: normal; font-weight: 400; letter-spacing: normal; orphans: 2; text-align: start; text-indent: 0px; text-transform: none; white-space: normal; widows: 2; word-spacing: 0px; -webkit-text-stroke-width: 0px; text-decoration-thickness: initial; text-decoration-style: initial; text-decoration-color: initial;\">Von 1980 bis 2016 nahm die Zahl der Rauchschwalbenpaare um mehr als die H\u00e4lfte ab. So gibt es jetzt vom NABU Baden-W\u00fcrttemberg und den Bauernverb\u00e4nden die Initiative \u201eHoftor auf f\u00fcr Schwalben\u201c. Die 3 Verb\u00e4nde machen sich gemeinsam stark f\u00fcr die Gl\u00fccksboten in der Landwirtschaft. An mindestens 370 Stallt\u00fcren und Bauernh\u00e4usern im Land h\u00e4ngt schon die Plakette \u201eSchwalbenfreundliches Haus\u201c \u2013 so jetzt auch am Pferdestall der Familie Adler in Bahlingen, \u00fcberreicht von Barbara Mutke und J\u00fcrgen Hurst vom NABU Kaiserstuhl.<\/p><p style=\"box-sizing: border-box; margin: 0px 0px 30px; padding: 0px; color: #272626; font-family: 'Source Sans Pro', Arial, Helvetica, sans-serif; font-size: 14px; font-style: normal; font-variant-ligatures: normal; font-variant-caps: normal; font-weight: 400; letter-spacing: normal; orphans: 2; text-align: start; text-indent: 0px; text-transform: none; white-space: normal; widows: 2; word-spacing: 0px; -webkit-text-stroke-width: 0px; text-decoration-thickness: initial; text-decoration-style: initial; text-decoration-color: initial;\">Informationen zur Aktion gibt es unter www.NABU-BW.de\/schwalbenfreundlicheshaus<\/p><p style=\"box-sizing: border-box; margin: 0px 0px 30px; padding: 0px; color: #272626; font-family: 'Source Sans Pro', Arial, Helvetica, sans-serif; font-size: 14px; font-style: normal; font-variant-ligatures: normal; font-variant-caps: normal; font-weight: 400; letter-spacing: normal; orphans: 2; text-align: start; text-indent: 0px; text-transform: none; white-space: normal; widows: 2; word-spacing: 0px; -webkit-text-stroke-width: 0px; text-decoration-thickness: initial; text-decoration-style: initial; text-decoration-color: initial;\">Ansprechpartner rund um den Schwalbenschutz in Baden-W\u00fcrttemberg ist Rudi Apel,<br style=\"box-sizing: border-box;\" \/>E-Mail:\u00a0<a style=\"box-sizing: border-box; --linkdeco: underline; color: var(--nv-primary-accent); cursor: pointer; text-decoration: none; box-shadow: none;\" href=\"mailto:Schwalben@NABU-BW.de\">Schwalben@NABU-BW.de<\/a><\/p><p style=\"box-sizing: border-box; margin: 0px 0px 30px; padding: 0px; color: #272626; font-family: 'Source Sans Pro', Arial, Helvetica, sans-serif; font-size: 14px; font-style: normal; font-variant-ligatures: normal; font-variant-caps: normal; font-weight: 400; letter-spacing: normal; orphans: 2; text-align: start; text-indent: 0px; text-transform: none; white-space: normal; widows: 2; word-spacing: 0px; -webkit-text-stroke-width: 0px; text-decoration-thickness: initial; text-decoration-style: initial; text-decoration-color: initial;\">Barbara Mutke<\/p><p style=\"box-sizing: border-box; margin: 0px 0px 30px; padding: 0px; color: #272626; font-family: 'Source Sans Pro', Arial, Helvetica, sans-serif; font-size: 14px; font-style: normal; font-variant-ligatures: normal; font-variant-caps: normal; font-weight: 400; letter-spacing: normal; orphans: 2; text-align: start; text-indent: 0px; text-transform: none; white-space: normal; widows: 2; word-spacing: 0px; -webkit-text-stroke-width: 0px; text-decoration-thickness: initial; text-decoration-style: initial; text-decoration-color: initial;\">November 2022<\/p><p>\u00a0<\/p>\t\t\t\t\t\t\t\t<\/div>\n\t\t\t\t<\/div>\n\t\t\t\t\t<\/div>\n\t\t<\/div>\n\t\t\t\t\t<\/div>\n\t\t<\/section>\n\t\t\t\t<\/div>\n\t\t","protected":false},"excerpt":{"rendered":"<p>Die Verleihung von Plakette und Urkunde wurde in Anwesenheit von zwei Pferden eine sehr lustige Zeremonie. Foto: NABU Stall und Scheune der Familie Adler am Bahlinger Silberberg beherbergen zur Brutzeit&hellip;&nbsp;<a href=\"https:\/\/nabu-kaiserstuhl.de\/index.php\/18-november-2022-kwb-pferde-und-schwalben-in-eintracht\/\" rel=\"bookmark\">Weiterlesen&#8230;<span class=\"screen-reader-text\">18. November 2022 KWB Pferde und Schwalben in Eintracht<\/span><\/a><\/p>\n","protected":false},"author":2,"featured_media":1526,"comment_status":"open","ping_status":"open","sticky":false,"template":"","format":"standard","meta":{"neve_meta_sidebar":"","neve_meta_container":"","neve_meta_enable_content_width":"","neve_meta_content_width":0,"neve_meta_title_alignment":"","neve_meta_author_avatar":"","neve_post_elements_order":"","neve_meta_disable_header":"","neve_meta_disable_footer":"","neve_meta_disable_title":"","neve_meta_reading_time":"","_themeisle_gutenberg_block_has_review":false,"footnotes":""},"categories":[4],"tags":[],"class_list":["post-1634","post","type-post","status-publish","format-standard","has-post-thumbnail","hentry","category-presse-2022"],"publishpress_future_action":{"enabled":false,"date":"2026-05-07 07:32:43","action":"change-status","newStatus":"draft","terms":[],"taxonomy":"category","extraData":[]},"publishpress_future_workflow_manual_trigger":{"enabledWorkflows":[]},"_links":{"self":[{"href":"https:\/\/nabu-kaiserstuhl.de\/index.php\/wp-json\/wp\/v2\/posts\/1634","targetHints":{"allow":["GET"]}}],"collection":[{"href":"https:\/\/nabu-kaiserstuhl.de\/index.php\/wp-json\/wp\/v2\/posts"}],"about":[{"href":"https:\/\/nabu-kaiserstuhl.de\/index.php\/wp-json\/wp\/v2\/types\/post"}],"author":[{"embeddable":true,"href":"https:\/\/nabu-kaiserstuhl.de\/index.php\/wp-json\/wp\/v2\/users\/2"}],"replies":[{"embeddable":true,"href":"https:\/\/nabu-kaiserstuhl.de\/index.php\/wp-json\/wp\/v2\/comments?post=1634"}],"version-history":[{"count":0,"href":"https:\/\/nabu-kaiserstuhl.de\/index.php\/wp-json\/wp\/v2\/posts\/1634\/revisions"}],"wp:featuredmedia":[{"embeddable":true,"href":"https:\/\/nabu-kaiserstuhl.de\/index.php\/wp-json\/wp\/v2\/media\/1526"}],"wp:attachment":[{"href":"https:\/\/nabu-kaiserstuhl.de\/index.php\/wp-json\/wp\/v2\/media?parent=1634"}],"wp:term":[{"taxonomy":"category","embeddable":true,"href":"https:\/\/nabu-kaiserstuhl.de\/index.php\/wp-json\/wp\/v2\/categories?post=1634"},{"taxonomy":"post_tag","embeddable":true,"href":"https:\/\/nabu-kaiserstuhl.de\/index.php\/wp-json\/wp\/v2\/tags?post=1634"}],"curies":[{"name":"wp","href":"https:\/\/api.w.org\/{rel}","templated":true}]}}